{"id":179858,"date":"2021-07-11T15:54:25","date_gmt":"2021-07-11T19:54:25","guid":{"rendered":"https:\/\/www.ocorreionews.com.br\/acervo-correio\/?p=179858"},"modified":"2021-07-12T08:48:53","modified_gmt":"2021-07-12T12:48:53","slug":"chapadao-do-sul-tem-dois-obito-por-covid-19-neste-domingo","status":"publish","type":"post","link":"https:\/\/www.ocorreionews.com.br\/acervo-correio\/?p=179858","title":{"rendered":"Chapad\u00e3o do Sul tem dois \u00f3bito por Covid-19 neste domingo"},"content":{"rendered":"<p style=\"font-weight: 400;\">A prefeitura municipal, juntamente com a Secretaria Municipal de Sa\u00fade manifesta o mais profundo pesar pelo falecimento da 59\u00aa e 60\u00aa v\u00edtimas de covid-19, ambos ocorridos no dia de hoje, 11.<\/p>\n<p style=\"font-weight: 400;\"><b><strong>59\u00aa \u00f3bito<\/strong><\/b>\u00a0&#8211; Sr. Leonardo Kanieski, 90 anos de idade, apresentava como comorbidades Doen\u00e7a Cardiovascular cr\u00f4nica, Diabetes Mellitus e Doen\u00e7a Pulmonar Obstrutiva Cr\u00f4nica.<\/p>\n<p style=\"font-weight: 400;\">O paciente iniciou sintomas no dia 04\/07\/2021, procurou atendimento Hospitalar no dia 07\/07\/2021 necessitando de interna\u00e7\u00e3o. Recebeu alta no dia 09\/07\/2021. Nesta manh\u00e3 o paciente deu entrada no Hospital Municipal trazido pelo Corpo de Bombeiros j\u00e1 em Parada Cardiorrespirat\u00f3ria, onde evoluiu a \u00f3bito.<\/p>\n<figure class=\"wp-block-image size-large\"><img loading=\"lazy\" decoding=\"async\" class=\"wp-image-16322\" src=\"https:\/\/jovemsulnews.com.br\/wp-content\/uploads\/2021\/07\/LEONARDO-KANIESKI-COM-AS-FILHAS.jpg\" sizes=\"auto, (max-width: 960px) 100vw, 960px\" srcset=\"https:\/\/jovemsulnews.com.br\/wp-content\/uploads\/2021\/07\/LEONARDO-KANIESKI-COM-AS-FILHAS.jpg 960w, https:\/\/jovemsulnews.com.br\/wp-content\/uploads\/2021\/07\/LEONARDO-KANIESKI-COM-AS-FILHAS-300x169.jpg 300w, https:\/\/jovemsulnews.com.br\/wp-content\/uploads\/2021\/07\/LEONARDO-KANIESKI-COM-AS-FILHAS-768x432.jpg 768w, https:\/\/jovemsulnews.com.br\/wp-content\/uploads\/2021\/07\/LEONARDO-KANIESKI-COM-AS-FILHAS-305x172.jpg 305w, https:\/\/jovemsulnews.com.br\/wp-content\/uploads\/2021\/07\/LEONARDO-KANIESKI-COM-AS-FILHAS-400x225.jpg 400w\" alt=\"\" width=\"960\" height=\"540\" \/><figcaption><em>Leonardo com as filhas; Taciane e Juliane. Foto: Facebook<\/em><\/figcaption><\/figure>\n<p style=\"font-weight: 400;\"><b><strong>60\u00aa \u00f3bito<\/strong><\/b>\u00a0&#8211; Sra. Maria Madalena de Oliveira, 74 anos, apresentava como comorbidades Doen\u00e7a Cardiovascular cr\u00f4nica, obesidade grau I.<\/p>\n<p style=\"font-weight: 400;\">A paciente iniciou sintomas no dia 07\/06\/2021, procurou atendimento hospitalar no dia 14\/06\/2021 necessitando de interna\u00e7\u00e3o. No dia 16\/06\/2021 evoluiu pra intuba\u00e7\u00e3o orotraqueal, onde permaneceu por 25 dias sob cuidados intensivos. Nesta manh\u00e3 a paciente evoluiu a \u00f3bito.<\/p>\n<p style=\"font-weight: 400;\">Neste momento de dor, a administra\u00e7\u00e3o municipal e secretaria municipal de sa\u00fade se solidariza com os familiares e amigos e expressa as mais sinceras condol\u00eancias.<\/p>\n<p style=\"font-weight: 400;\">\u201cQue o senhor nosso Deus possa os confortar e dar for\u00e7as para superar a perca desse ente querido\u201d.<\/p>\n<p>&nbsp;<\/p>\n<p>*Assessoria de imprensa Prefeitura de Chapad\u00e3o do Sul<\/p>\n","protected":false},"excerpt":{"rendered":"<p>A prefeitura municipal, juntamente com a Secretaria Municipal de Sa\u00fade manifesta o mais profundo pesar pelo falecimento da 59\u00aa e 60\u00aa v\u00edtimas de covid-19, ambos ocorridos no dia de hoje, 11. 59\u00aa \u00f3bito\u00a0&#8211; Sr. Leonardo Kanieski, 90 anos de idade, apresentava como comorbidades Doen\u00e7a Cardiovascular cr\u00f4nica, Diabetes Mellitus e Doen\u00e7a Pulmonar Obstrutiva Cr\u00f4nica. O paciente [&hellip;]<\/p>\n","protected":false},"author":5,"featured_media":157240,"comment_status":"closed","ping_status":"closed","sticky":false,"template":"","format":"standard","meta":{"footnotes":""},"categories":[23,41],"tags":[],"class_list":["post-179858","post","type-post","status-publish","format-standard","has-post-thumbnail","hentry","category-chapadao-do-sul","category-destaque"],"_links":{"self":[{"href":"https:\/\/www.ocorreionews.com.br\/acervo-correio\/index.php?rest_route=\/wp\/v2\/posts\/179858","targetHints":{"allow":["GET"]}}],"collection":[{"href":"https:\/\/www.ocorreionews.com.br\/acervo-correio\/index.php?rest_route=\/wp\/v2\/posts"}],"about":[{"href":"https:\/\/www.ocorreionews.com.br\/acervo-correio\/index.php?rest_route=\/wp\/v2\/types\/post"}],"author":[{"embeddable":true,"href":"https:\/\/www.ocorreionews.com.br\/acervo-correio\/index.php?rest_route=\/wp\/v2\/users\/5"}],"replies":[{"embeddable":true,"href":"https:\/\/www.ocorreionews.com.br\/acervo-correio\/index.php?rest_route=%2Fwp%2Fv2%2Fcomments&post=179858"}],"version-history":[{"count":1,"href":"https:\/\/www.ocorreionews.com.br\/acervo-correio\/index.php?rest_route=\/wp\/v2\/posts\/179858\/revisions"}],"predecessor-version":[{"id":179902,"href":"https:\/\/www.ocorreionews.com.br\/acervo-correio\/index.php?rest_route=\/wp\/v2\/posts\/179858\/revisions\/179902"}],"wp:featuredmedia":[{"embeddable":true,"href":"https:\/\/www.ocorreionews.com.br\/acervo-correio\/index.php?rest_route=\/wp\/v2\/media\/157240"}],"wp:attachment":[{"href":"https:\/\/www.ocorreionews.com.br\/acervo-correio\/index.php?rest_route=%2Fwp%2Fv2%2Fmedia&parent=179858"}],"wp:term":[{"taxonomy":"category","embeddable":true,"href":"https:\/\/www.ocorreionews.com.br\/acervo-correio\/index.php?rest_route=%2Fwp%2Fv2%2Fcategories&post=179858"},{"taxonomy":"post_tag","embeddable":true,"href":"https:\/\/www.ocorreionews.com.br\/acervo-correio\/index.php?rest_route=%2Fwp%2Fv2%2Ftags&post=179858"}],"curies":[{"name":"wp","href":"https:\/\/api.w.org\/{rel}","templated":true}]}}