{"id":179864,"date":"2021-07-11T17:22:40","date_gmt":"2021-07-11T21:22:40","guid":{"rendered":"https:\/\/www.ocorreionews.com.br\/acervo-correio\/?p=179864"},"modified":"2021-07-11T17:25:13","modified_gmt":"2021-07-11T21:25:13","slug":"incendio-de-grandes-proporcoes-atinge-o-parque-nacional-das-emas","status":"publish","type":"post","link":"https:\/\/www.ocorreionews.com.br\/acervo-correio\/?p=179864","title":{"rendered":"Inc\u00eandio de grandes propor\u00e7\u00f5es atinge o Parque Nacional das Emas"},"content":{"rendered":"<blockquote>\n<h2 class=\"content-head__subtitle\"><span style=\"font-size: 12pt;\">Dire\u00e7\u00e3o do parque calcula que o fogo tenha destru\u00eddo cerca de 15 mil hectares da vegeta\u00e7\u00e3o. Mais de 70 pessoas, entre brigadistas e bombeiros, atuam no combate \u00e0s chamas;<\/span><\/h2>\n<\/blockquote>\n<div class=\"mc-column content-text active-extra-styles \" data-block-type=\"unstyled\" data-block-weight=\"53\" data-block-id=\"2\">\n<p class=\"content-text__container \" data-track-category=\"Link no Texto\" data-track-links=\"\">Um inc\u00eandio de grandes propor\u00e7\u00f5es atinge o Parque Nacional das Emas, na regi\u00e3o de Chapad\u00e3o do C\u00e9u. Diretor do parque, Marcos da Silva Cunha calcula que o fogo tenha destru\u00eddo cerca de 15 mil hectares da vegeta\u00e7\u00e3o. Mais de 70 pessoas, entre brigadistas e bombeiros, atuam no combate \u00e0s chamas<\/p>\n<\/div>\n<div class=\"wall protected-content\">\n<div class=\"mc-column content-text active-extra-styles\" data-block-type=\"raw\" data-block-weight=\"36\" data-block-id=\"3\"><\/div>\n<div class=\"mc-column content-text active-extra-styles \" data-block-type=\"unstyled\" data-block-weight=\"34\" data-block-id=\"4\">\n<p class=\"content-text__container \" data-track-category=\"Link no Texto\" data-track-links=\"\">O fogo come\u00e7ou na sexta-feira (9), por volta das 18h. O local possui uma \u00e1rea predominante de Cerrado de quase 133 mil hectares, distribu\u00eddos entre os munic\u00edpios de Chapad\u00e3o do C\u00e9u, Mineiros e Serran\u00f3polis.<\/p>\n<\/div>\n<div class=\"row medium-uncollapsed content-media content-photo\" data-block-type=\"backstage-photo\" data-block-id=\"5\">\n<div class=\"mc-column content-media__container\">\n<div class=\"content-media-container glb-skeleton-box\">\n<figure class=\"content-media-figure\">\n<p><figure style=\"width: 648px\" class=\"wp-caption alignnone\"><img loading=\"lazy\" decoding=\"async\" class=\"i-amphtml-fill-content i-amphtml-replaced-content\" src=\"https:\/\/s2.glbimg.com\/ELxB1sAs8W75l_0aLhaph0NIYNw=\/0x0:1700x1065\/984x0\/smart\/filters:strip_icc()\/i.s3.glbimg.com\/v1\/AUTH_59edd422c0c84a879bd37670ae4f538a\/internal_photos\/bs\/2021\/5\/6\/DE8r4kRKa2CmJSTTIj1Q\/incendio-2.jpg\" sizes=\"auto, (max-width: 1366px) 648px, 100vw\" srcset=\"https:\/\/s2.glbimg.com\/XNENuSzxSAiGyK6SeOm8JIQkA1E=\/0x0:1700x1065\/1000x0\/smart\/filters:strip_icc()\/i.s3.glbimg.com\/v1\/AUTH_59edd422c0c84a879bd37670ae4f538a\/internal_photos\/bs\/2021\/5\/6\/DE8r4kRKa2CmJSTTIj1Q\/incendio-2.jpg 1000w, https:\/\/s2.glbimg.com\/ELxB1sAs8W75l_0aLhaph0NIYNw=\/0x0:1700x1065\/984x0\/smart\/filters:strip_icc()\/i.s3.glbimg.com\/v1\/AUTH_59edd422c0c84a879bd37670ae4f538a\/internal_photos\/bs\/2021\/5\/6\/DE8r4kRKa2CmJSTTIj1Q\/incendio-2.jpg 984w, https:\/\/s2.glbimg.com\/zz1qPmP7N9Y3Z6c6H4GS0uGYJkk=\/0x0:1700x1065\/640x0\/smart\/filters:strip_icc()\/i.s3.glbimg.com\/v1\/AUTH_59edd422c0c84a879bd37670ae4f538a\/internal_photos\/bs\/2021\/5\/6\/DE8r4kRKa2CmJSTTIj1Q\/incendio-2.jpg 640w, https:\/\/s2.glbimg.com\/UMQke5R8MszopBhCSOKleSAcxXQ=\/0x0:1700x1065\/600x0\/smart\/filters:strip_icc()\/i.s3.glbimg.com\/v1\/AUTH_59edd422c0c84a879bd37670ae4f538a\/internal_photos\/bs\/2021\/5\/6\/DE8r4kRKa2CmJSTTIj1Q\/incendio-2.jpg 600w\" alt=\"Inc\u00eandio de grandes propor\u00e7\u00f5es atinge o Parque Nacional das Emas, em Goi\u00e1s \u2014 Foto: Divulga\u00e7\u00e3o\/Parque Nacional das Emas\" width=\"648\" height=\"406\" \/><figcaption class=\"wp-caption-text\">Inc\u00eandio de grandes propor\u00e7\u00f5es atinge o Parque Nacional das Emas, em Goi\u00e1s \u2014 Foto: Divulga\u00e7\u00e3o\/Parque Nacional das Emas<\/figcaption><\/figure><\/figure>\n<\/div>\n<p class=\"content-media__description \">\n<\/div>\n<\/div>\n<div class=\"content-ads content-ads--reveal\" data-block-type=\"ads\" data-block-id=\"6\">\n<div id=\"banner_materia2\" class=\"tag-manager-publicidade-container mc-has-reveal mc-has-ad-lazyload tag-manager-publicidade-banner_materia2 tag-manager-publicidade-container--carregado tag-manager-publicidade-container--visivel\" data-id=\"banner_materia2\" data-req=\"true\" data-google-query-id=\"CJCO_Pn32_ECFRY3uQYdF5MMMA\" data-cid=\"138355854257\" data-lid=\"5739853802\">\n<div id=\"google_ads_iframe_\/95377733\/tvg_G1\/Sua_Regiao&gt;Centro_Oeste&gt;Goias_3__container__\"><iframe id=\"google_ads_iframe_\/95377733\/tvg_G1\/Sua_Regiao&gt;Centro_Oeste&gt;Goias_3\" title=\"3rd party ad content\" name=\"google_ads_iframe_\/95377733\/tvg_G1\/Sua_Regiao&gt;Centro_Oeste&gt;Goias_3\" width=\"970\" height=\"250\" frameborder=\"0\" marginwidth=\"0\" marginheight=\"0\" scrolling=\"no\" data-google-container-id=\"4\" data-load-complete=\"true\" data-mce-fragment=\"1\"><\/iframe><\/div>\n<\/div>\n<\/div>\n<div class=\"mc-column content-text active-extra-styles \" data-block-type=\"unstyled\" data-block-weight=\"39\" data-block-id=\"7\">\n<p class=\"content-text__container \" data-track-category=\"Link no Texto\" data-track-links=\"\">Segundo o diretor, o tempo seco dificulta o trabalho dos brigadistas durante o combate \u00e0s chamas. As causas do fogo s\u00e3o apuradas. \u201cO problema \u00e9 que est\u00e1 muito seco e n\u00e3o conseguimos controlar o inc\u00eandio no in\u00edcio\u201d, disse.<\/p>\n<p data-track-category=\"Link no Texto\" data-track-links=\"\">\n<\/div>\n<div class=\"mc-column content-text active-extra-styles \" data-block-type=\"unstyled\" data-block-weight=\"37\" data-block-id=\"8\">\n<p class=\"content-text__container \" data-track-category=\"Link no Texto\" data-track-links=\"\">Neste domingo (11), 30 brigadistas do Instituto Chico Mendes de Conserva\u00e7\u00e3o da Biodiversidade (ICMBio) atuam para extinguir o fogo. O Corpo de Bombeiros informou que equipes foram deslocadas de Goi\u00e2nia para ajudar no combate o inc\u00eandio.<\/p>\n<p data-track-category=\"Link no Texto\" data-track-links=\"\">\n<\/div>\n<div class=\"mc-column content-text active-extra-styles \" data-block-type=\"unstyled\" data-block-weight=\"65\" data-block-id=\"9\">\n<p class=\"content-text__container \" data-track-category=\"Link no Texto\" data-track-links=\"\">\u201cEst\u00e3o chegando mais 17 brigadistas, ent\u00e3o, teremos 47 pessoas envolvidas na atividade. Dos bombeiros, n\u00f3s t\u00ednhamos em torno de sete pessoas e agora est\u00e3o chegando mais cerca de 20. Ent\u00e3o, eu creio que at\u00e9 amanh\u00e3 a gente j\u00e1 tenha um retorno melhor da situa\u00e7\u00e3o e fora do parque estamos tendo um grande empenho das pessoas para n\u00e3o deixar o fogo entrar nas fazendas\u201d, disse.<\/p>\n<\/div>\n<div class=\"mc-column content-text active-extra-styles \" data-block-type=\"unstyled\" data-block-weight=\"2\" data-block-id=\"10\"><\/div>\n<div class=\"row medium-uncollapsed content-media content-photo\" data-block-type=\"backstage-photo\" data-block-id=\"13\">\n<div class=\"mc-column content-media__container\">\n<div class=\"content-media-container glb-skeleton-box\"><\/div>\n<p class=\"content-media__description \">\u00a0\u00a0\u00a0\u00a0\u00a0\u00a0\u00a0\u00a0\u00a0\u00a0 Danielle Oliveira, G1 GO Foto: Divulga\u00e7\u00e3o\/Parque Nacional das Emas &#8211; G-1<\/p>\n<\/div>\n<\/div>\n<\/div>\n","protected":false},"excerpt":{"rendered":"<p>Dire\u00e7\u00e3o do parque calcula que o fogo tenha destru\u00eddo cerca de 15 mil hectares da vegeta\u00e7\u00e3o. Mais de 70 pessoas, entre brigadistas e bombeiros, atuam no combate \u00e0s chamas; Um inc\u00eandio de grandes propor\u00e7\u00f5es atinge o Parque Nacional das Emas, na regi\u00e3o de Chapad\u00e3o do C\u00e9u. Diretor do parque, Marcos da Silva Cunha calcula que [&hellip;]<\/p>\n","protected":false},"author":4,"featured_media":179865,"comment_status":"closed","ping_status":"closed","sticky":false,"template":"","format":"standard","meta":{"footnotes":""},"categories":[22,41],"tags":[],"class_list":["post-179864","post","type-post","status-publish","format-standard","has-post-thumbnail","hentry","category-chapadao-do-ceu","category-destaque"],"_links":{"self":[{"href":"https:\/\/www.ocorreionews.com.br\/acervo-correio\/index.php?rest_route=\/wp\/v2\/posts\/179864","targetHints":{"allow":["GET"]}}],"collection":[{"href":"https:\/\/www.ocorreionews.com.br\/acervo-correio\/index.php?rest_route=\/wp\/v2\/posts"}],"about":[{"href":"https:\/\/www.ocorreionews.com.br\/acervo-correio\/index.php?rest_route=\/wp\/v2\/types\/post"}],"author":[{"embeddable":true,"href":"https:\/\/www.ocorreionews.com.br\/acervo-correio\/index.php?rest_route=\/wp\/v2\/users\/4"}],"replies":[{"embeddable":true,"href":"https:\/\/www.ocorreionews.com.br\/acervo-correio\/index.php?rest_route=%2Fwp%2Fv2%2Fcomments&post=179864"}],"version-history":[{"count":1,"href":"https:\/\/www.ocorreionews.com.br\/acervo-correio\/index.php?rest_route=\/wp\/v2\/posts\/179864\/revisions"}],"predecessor-version":[{"id":179867,"href":"https:\/\/www.ocorreionews.com.br\/acervo-correio\/index.php?rest_route=\/wp\/v2\/posts\/179864\/revisions\/179867"}],"wp:featuredmedia":[{"embeddable":true,"href":"https:\/\/www.ocorreionews.com.br\/acervo-correio\/index.php?rest_route=\/wp\/v2\/media\/179865"}],"wp:attachment":[{"href":"https:\/\/www.ocorreionews.com.br\/acervo-correio\/index.php?rest_route=%2Fwp%2Fv2%2Fmedia&parent=179864"}],"wp:term":[{"taxonomy":"category","embeddable":true,"href":"https:\/\/www.ocorreionews.com.br\/acervo-correio\/index.php?rest_route=%2Fwp%2Fv2%2Fcategories&post=179864"},{"taxonomy":"post_tag","embeddable":true,"href":"https:\/\/www.ocorreionews.com.br\/acervo-correio\/index.php?rest_route=%2Fwp%2Fv2%2Ftags&post=179864"}],"curies":[{"name":"wp","href":"https:\/\/api.w.org\/{rel}","templated":true}]}}