{"id":18019,"date":"2016-01-03T02:15:56","date_gmt":"2016-01-03T05:15:56","guid":{"rendered":"https:\/\/ocorreionews.com.br\/?p=18019"},"modified":"2016-01-03T02:30:57","modified_gmt":"2016-01-03T05:30:57","slug":"morador-de-paranaiba-que-trabalhava-em-queima-de-fogos-no-rj-morre-afogado","status":"publish","type":"post","link":"https:\/\/www.ocorreionews.com.br\/acervo-correio\/?p=18019","title":{"rendered":"Morador de Paranaiba que trabalhava em queima de fogos no RJ morre afogado"},"content":{"rendered":"<p style=\"text-align: justify;\">O morador de Parana\u00edba, Paulo Anderson Pereira Claro, 28 anos, morreu afogado na Lagoa de Imboassica, em Maca\u00e9, cidade do interior do Rio de Janeiro na madrugada de sexta-feira (1).<\/p>\n<p style=\"text-align: justify;\">Ele trabalhava na empresa respons\u00e1vel pela queima de fogos e estava na balsa para desconectar os equipamentos que j\u00e1 haviam sido utilizados. Segundo o presidente da empresa que localizada em Parana\u00edba, Paulo trabalhava no local h\u00e1 cinco anos e era considerado um bom funcion\u00e1rio.<\/p>\n<p style=\"text-align: justify;\">Uma pessoa pr\u00f3xima a fam\u00edlia disse a reportagem que o pai da v\u00edtima est\u00e1 muito abalado com toda a situa\u00e7\u00e3o. O corpo foi encontrado na tarde de ontem pelo Corpo de Bombeiros, passar\u00e1 por per\u00edcia e dever\u00e1 chegar hoje por volta das 21h em Parana\u00edba, onde ser\u00e1 velado.<\/p>\n<p style=\"text-align: justify;\">A prefeitura de Maca\u00e9, por meio de nota, lamentou o ocorrido e disse que est\u00e1 acompanhando o caso. o \u00faltimo contato registrado de Paulo aconteceu \u00e0s 1h20 da manh\u00e3, em mensagem enviada por celular.<\/p>\n<p style=\"text-align: justify;\">Ainda segundo a nota, acredita-se que ap\u00f3s concluir o trabalho, ele tenha resolvido entrar na Lagoa, j\u00e1 que seus pertences como roupas e documentos foram encontrados na balsa, o que descarta, a princ\u00edpio, a possibilidade de queda acidental.<\/p>\n<h5>Mariana Rodrigues, Campo Grande News<\/h5>\n","protected":false},"excerpt":{"rendered":"<p>O morador de Parana\u00edba, Paulo Anderson Pereira Claro, 28 anos, morreu afogado na Lagoa de Imboassica, em Maca\u00e9, cidade do interior do Rio de Janeiro na madrugada de sexta-feira (1). Ele trabalhava na empresa respons\u00e1vel pela queima de fogos e estava na balsa para desconectar os equipamentos que j\u00e1 haviam sido utilizados. Segundo o presidente [&hellip;]<\/p>\n","protected":false},"author":4,"featured_media":18020,"comment_status":"closed","ping_status":"closed","sticky":false,"template":"","format":"standard","meta":{"footnotes":""},"categories":[38],"tags":[],"class_list":["post-18019","post","type-post","status-publish","format-standard","has-post-thumbnail","hentry","category-policia"],"_links":{"self":[{"href":"https:\/\/www.ocorreionews.com.br\/acervo-correio\/index.php?rest_route=\/wp\/v2\/posts\/18019","targetHints":{"allow":["GET"]}}],"collection":[{"href":"https:\/\/www.ocorreionews.com.br\/acervo-correio\/index.php?rest_route=\/wp\/v2\/posts"}],"about":[{"href":"https:\/\/www.ocorreionews.com.br\/acervo-correio\/index.php?rest_route=\/wp\/v2\/types\/post"}],"author":[{"embeddable":true,"href":"https:\/\/www.ocorreionews.com.br\/acervo-correio\/index.php?rest_route=\/wp\/v2\/users\/4"}],"replies":[{"embeddable":true,"href":"https:\/\/www.ocorreionews.com.br\/acervo-correio\/index.php?rest_route=%2Fwp%2Fv2%2Fcomments&post=18019"}],"version-history":[{"count":0,"href":"https:\/\/www.ocorreionews.com.br\/acervo-correio\/index.php?rest_route=\/wp\/v2\/posts\/18019\/revisions"}],"wp:featuredmedia":[{"embeddable":true,"href":"https:\/\/www.ocorreionews.com.br\/acervo-correio\/index.php?rest_route=\/wp\/v2\/media\/18020"}],"wp:attachment":[{"href":"https:\/\/www.ocorreionews.com.br\/acervo-correio\/index.php?rest_route=%2Fwp%2Fv2%2Fmedia&parent=18019"}],"wp:term":[{"taxonomy":"category","embeddable":true,"href":"https:\/\/www.ocorreionews.com.br\/acervo-correio\/index.php?rest_route=%2Fwp%2Fv2%2Fcategories&post=18019"},{"taxonomy":"post_tag","embeddable":true,"href":"https:\/\/www.ocorreionews.com.br\/acervo-correio\/index.php?rest_route=%2Fwp%2Fv2%2Ftags&post=18019"}],"curies":[{"name":"wp","href":"https:\/\/api.w.org\/{rel}","templated":true}]}}