{"id":18022,"date":"2016-01-03T13:25:09","date_gmt":"2016-01-03T16:25:09","guid":{"rendered":"https:\/\/ocorreionews.com.br\/?p=18022"},"modified":"2016-01-04T09:26:10","modified_gmt":"2016-01-04T12:26:10","slug":"motoristas-usam-bananeiras-e-boneco-para-protestar-contra-buracos-em-itaja-go","status":"publish","type":"post","link":"https:\/\/www.ocorreionews.com.br\/acervo-correio\/?p=18022","title":{"rendered":"Motoristas usam bananeiras e boneco para protestar contra buracos em Itaja GO"},"content":{"rendered":"<p>Motoristas est\u00e3o revoltados com o excesso de buracos de rodovias estaduais no sudoeste goiano. Eles usaram bananeiras e at\u00e9 bonecos para sinalizar as crateras e protestar contra a p\u00e9ssima situa\u00e7\u00e3o em alguns trechos.<\/p>\n<p>Em Itaj\u00e1, moradores confeccionaram o boneco \u201cJo\u00e3o Burac\u00e3o\u201d. Eles o colocaram no trevo do munic\u00edpio para dar &#8220;boas-vindas&#8221; aos visitantes e em protesto contra a situa\u00e7\u00e3o da GO-302, que d\u00e1 acesso \u00e0 cidade. Inclusive, a Justi\u00e7a ordenou, h\u00e1 dois meses, a interdi\u00e7\u00e3o parcial da via devido \u00e0s p\u00e9ssimas condi\u00e7\u00f5es de trafegabilidade.<\/p>\n<p>O advogado Elias Ribeiro, de 30 anos, mora em Itaj\u00e1 e trafega toda semana pelo trecho da rodovia entre o munic\u00edpio e Apor\u00e9. Ele afirma que a condi\u00e7\u00e3o da GO-302 piorou muito nos \u00faltimos tr\u00eas meses, ao ponto de demorar 40 minutos para rodar 10 quil\u00f4metros.<\/p>\n<p>\u201cEst\u00e1 intransit\u00e1vel, com buracos imensos, buracos com mais de um metro de extens\u00e3o\u201d, reclama.<\/p>\n<p>Motoristas acumulam preju\u00edzos ao transitar pelo trecho. A situa\u00e7\u00e3o tamb\u00e9m aumenta o risco de acidentes. \u201c\u00c9 arriscado, a gente v\u00ea direto caminh\u00f5es e ve\u00edculos quebrados, estacionados \u00e0s margens da pista. Quem n\u00e3o conhece a rodovia costuma ter dificuldade. Eu ando bem devagar\u201d, conta Ribeiro.<\/p>\n<div class=\"saibamais componente_materia\"><strong> <a href=\"https:\/\/ocorreionews.com.br\/wp-content\/uploads\/2016\/01\/banana-rodo2.jpg\" rel=\"attachment wp-att-18024\"><img loading=\"lazy\" decoding=\"async\" class=\"wp-image-18024 size-full alignleft\" src=\"https:\/\/ocorreionews.com.br\/wp-content\/uploads\/2016\/01\/banana-rodo2.jpg\" alt=\"banana rodo2\" width=\"300\" height=\"465\" srcset=\"https:\/\/www.ocorreionews.com.br\/acervo-correio\/wp-content\/uploads\/2016\/01\/banana-rodo2.jpg 300w, https:\/\/www.ocorreionews.com.br\/acervo-correio\/wp-content\/uploads\/2016\/01\/banana-rodo2-194x300.jpg 194w\" sizes=\"auto, (max-width: 300px) 100vw, 300px\" \/><\/a><\/strong><\/div>\n<p>A Ag\u00eancia Goiana de Transportes e Obras (Agetop) garantiu, em nota, que a rodovia deve ser reconstru\u00edda com o fim do per\u00edodo chuvoso. &#8220;A execu\u00e7\u00e3o de obra, que consiste em retirar o pavimento danificado e colocar outra camada asf\u00e1ltica, acontecer\u00e1 ainda no primeiro semestre deste ano. As obras j\u00e1 foram licitadas e contratadas&#8221;, informa.<\/p>\n<p>Ao entrar em Itaj\u00e1, a situa\u00e7\u00e3o n\u00e3o \u00e9 diferente. O advogado afirma que h\u00e1 buracos na \u201ccidade inteira\u201d e que eles dificultam at\u00e9 mesmo entrar em casas.<\/p>\n<p>\u201c\u00c9 um tormento na vida da pessoa. Tem ruas que o cidad\u00e3o n\u00e3o consegue entrar na pr\u00f3pria casa e tem que colocar t\u00e1bua ou encher o buraco do cascalho, de pedra, de entulho para entrar\u201d, explica Ribeiro.<\/p>\n<p>Procurada pelo <strong>G1<\/strong>, a Prefeitura de Itaj\u00e1 n\u00e3o atendeu \u00e0s liga\u00e7\u00f5es at\u00e9 a publica\u00e7\u00e3o desta reportagem para se posicionar sobre a reclama\u00e7\u00e3o da comunidade.<\/p>\n<p><strong>GO-206<\/strong><br \/>\nA GO-206, entre Itarum\u00e3 e Ca\u00e7u, tamb\u00e9m est\u00e1 tomada por buracos. Al\u00e9m disso, a estrada n\u00e3o tem acostamento e a sinaliza\u00e7\u00e3o fica escondida em meio ao mato alto das margens da pista.<\/p>\n<p>Em abril, motoristas j\u00e1 reclamavam da grande quantidade de buracos. &#8220;Bati em um buraco e apagou o carro. A estrada toda est\u00e1 assim&#8221;, reclamou, na \u00e9poca, o pedreiro Wildes Ferreira Santos.<\/p>\n<p>A situa\u00e7\u00e3o continua a mesma. Por isso, nesta semana, motoristas colocaram p\u00e9s de banana para sinalizar as crateras. As bananeiras foram tiradas na \u00faltima quarta-feira (30), segundo a Pol\u00edcia Rodovi\u00e1ria Estadual (PRE).<\/p>\n<p>De acordo com a Agetop, a rodovia tamb\u00e9m deve ser reconstru\u00edda neste semestre.<\/p>\n<p>&nbsp;<\/p>\n<p>&nbsp;<\/p>\n<div class=\"materia-assinatura-letra\">\n<div class=\"materia-assinatura\">\n<p class=\"vcard author\"><strong class=\"fn\">Paula Resende <\/strong><span class=\"adr\"><span class=\"locality\">Do G1 &#8211; GO<\/span><\/span><\/p>\n<\/div>\n<\/div>\n","protected":false},"excerpt":{"rendered":"<p>Motoristas est\u00e3o revoltados com o excesso de buracos de rodovias estaduais no sudoeste goiano. Eles usaram bananeiras e at\u00e9 bonecos para sinalizar as crateras e protestar contra a p\u00e9ssima situa\u00e7\u00e3o em alguns trechos. Em Itaj\u00e1, moradores confeccionaram o boneco \u201cJo\u00e3o Burac\u00e3o\u201d. Eles o colocaram no trevo do munic\u00edpio para dar &#8220;boas-vindas&#8221; aos visitantes e em [&hellip;]<\/p>\n","protected":false},"author":4,"featured_media":18023,"comment_status":"closed","ping_status":"closed","sticky":false,"template":"","format":"standard","meta":{"footnotes":""},"categories":[31],"tags":[],"class_list":["post-18022","post","type-post","status-publish","format-standard","has-post-thumbnail","hentry","category-geral"],"_links":{"self":[{"href":"https:\/\/www.ocorreionews.com.br\/acervo-correio\/index.php?rest_route=\/wp\/v2\/posts\/18022","targetHints":{"allow":["GET"]}}],"collection":[{"href":"https:\/\/www.ocorreionews.com.br\/acervo-correio\/index.php?rest_route=\/wp\/v2\/posts"}],"about":[{"href":"https:\/\/www.ocorreionews.com.br\/acervo-correio\/index.php?rest_route=\/wp\/v2\/types\/post"}],"author":[{"embeddable":true,"href":"https:\/\/www.ocorreionews.com.br\/acervo-correio\/index.php?rest_route=\/wp\/v2\/users\/4"}],"replies":[{"embeddable":true,"href":"https:\/\/www.ocorreionews.com.br\/acervo-correio\/index.php?rest_route=%2Fwp%2Fv2%2Fcomments&post=18022"}],"version-history":[{"count":0,"href":"https:\/\/www.ocorreionews.com.br\/acervo-correio\/index.php?rest_route=\/wp\/v2\/posts\/18022\/revisions"}],"wp:featuredmedia":[{"embeddable":true,"href":"https:\/\/www.ocorreionews.com.br\/acervo-correio\/index.php?rest_route=\/wp\/v2\/media\/18023"}],"wp:attachment":[{"href":"https:\/\/www.ocorreionews.com.br\/acervo-correio\/index.php?rest_route=%2Fwp%2Fv2%2Fmedia&parent=18022"}],"wp:term":[{"taxonomy":"category","embeddable":true,"href":"https:\/\/www.ocorreionews.com.br\/acervo-correio\/index.php?rest_route=%2Fwp%2Fv2%2Fcategories&post=18022"},{"taxonomy":"post_tag","embeddable":true,"href":"https:\/\/www.ocorreionews.com.br\/acervo-correio\/index.php?rest_route=%2Fwp%2Fv2%2Ftags&post=18022"}],"curies":[{"name":"wp","href":"https:\/\/api.w.org\/{rel}","templated":true}]}}