{"id":18053,"date":"2016-01-04T13:41:33","date_gmt":"2016-01-04T16:41:33","guid":{"rendered":"https:\/\/ocorreionews.com.br\/?p=18053"},"modified":"2016-01-04T13:41:33","modified_gmt":"2016-01-04T16:41:33","slug":"paranaiba-tres-homens-armados-e-encapuzados-assaltam-auto-posto-tradicional","status":"publish","type":"post","link":"https:\/\/www.ocorreionews.com.br\/acervo-correio\/?p=18053","title":{"rendered":"PARANA\u00cdBA &#8211; Tr\u00eas homens armados e encapuzados assaltam Auto Posto Tradicional"},"content":{"rendered":"<p>No in\u00edcio da madrugada desta segunda-feira (4), por volta das 0h20, tr\u00eas homens assaltaram o Auto Posto Tradicional, localizado na avenida Tr\u00eas Lagoas, em Parana\u00edba.<\/p>\n<p>Segundo o Boletim de Ocorr\u00eancias, uma equipe da Pol\u00edcia Militar foi acionada para comparecer no referido auto posto, onde um homem de 38 anos, funcion\u00e1rio do posto, informou que ap\u00f3s fechar o caixa para finalizar seu turno, foi surpreendido por tr\u00eas homens encapuzados.<\/p>\n<p>Segundo o funcion\u00e1rio do posto, os assaltantes usavam blusas de manga longa, sendo que dois estavam de blusa vermelha e o terceiro de blusa preta e luvas. Os tr\u00eas chegaram anunciando o assalto, e um dos meliantes estava com uma arma de fogo em punho.<\/p>\n<p>A v\u00edtima percebeu que os assaltantes chegaram a p\u00e9, tendo provavelmente deixado o ve\u00edculo estacionado em algum local onde o funcion\u00e1rio n\u00e3o pudesse ver.<\/p>\n<p>Ap\u00f3s o assalto, os indiv\u00edduos empreenderam fuga, tomando rumo ignorado. N\u00e3o foi informado o valor levado no assalto.<\/p>\n<p>Fonte: Jornal Tribuna Livre Robson Tavares<\/p>\n","protected":false},"excerpt":{"rendered":"<p>No in\u00edcio da madrugada desta segunda-feira (4), por volta das 0h20, tr\u00eas homens assaltaram o Auto Posto Tradicional, localizado na avenida Tr\u00eas Lagoas, em Parana\u00edba. Segundo o Boletim de Ocorr\u00eancias, uma equipe da Pol\u00edcia Militar foi acionada para comparecer no referido auto posto, onde um homem de 38 anos, funcion\u00e1rio do posto, informou que ap\u00f3s [&hellip;]<\/p>\n","protected":false},"author":4,"featured_media":18054,"comment_status":"closed","ping_status":"closed","sticky":false,"template":"","format":"standard","meta":{"footnotes":""},"categories":[38],"tags":[],"class_list":["post-18053","post","type-post","status-publish","format-standard","has-post-thumbnail","hentry","category-policia"],"_links":{"self":[{"href":"https:\/\/www.ocorreionews.com.br\/acervo-correio\/index.php?rest_route=\/wp\/v2\/posts\/18053","targetHints":{"allow":["GET"]}}],"collection":[{"href":"https:\/\/www.ocorreionews.com.br\/acervo-correio\/index.php?rest_route=\/wp\/v2\/posts"}],"about":[{"href":"https:\/\/www.ocorreionews.com.br\/acervo-correio\/index.php?rest_route=\/wp\/v2\/types\/post"}],"author":[{"embeddable":true,"href":"https:\/\/www.ocorreionews.com.br\/acervo-correio\/index.php?rest_route=\/wp\/v2\/users\/4"}],"replies":[{"embeddable":true,"href":"https:\/\/www.ocorreionews.com.br\/acervo-correio\/index.php?rest_route=%2Fwp%2Fv2%2Fcomments&post=18053"}],"version-history":[{"count":0,"href":"https:\/\/www.ocorreionews.com.br\/acervo-correio\/index.php?rest_route=\/wp\/v2\/posts\/18053\/revisions"}],"wp:featuredmedia":[{"embeddable":true,"href":"https:\/\/www.ocorreionews.com.br\/acervo-correio\/index.php?rest_route=\/wp\/v2\/media\/18054"}],"wp:attachment":[{"href":"https:\/\/www.ocorreionews.com.br\/acervo-correio\/index.php?rest_route=%2Fwp%2Fv2%2Fmedia&parent=18053"}],"wp:term":[{"taxonomy":"category","embeddable":true,"href":"https:\/\/www.ocorreionews.com.br\/acervo-correio\/index.php?rest_route=%2Fwp%2Fv2%2Fcategories&post=18053"},{"taxonomy":"post_tag","embeddable":true,"href":"https:\/\/www.ocorreionews.com.br\/acervo-correio\/index.php?rest_route=%2Fwp%2Fv2%2Ftags&post=18053"}],"curies":[{"name":"wp","href":"https:\/\/api.w.org\/{rel}","templated":true}]}}