{"id":18056,"date":"2016-01-04T15:16:30","date_gmt":"2016-01-04T18:16:30","guid":{"rendered":"https:\/\/ocorreionews.com.br\/?p=18056"},"modified":"2016-01-04T15:16:30","modified_gmt":"2016-01-04T18:16:30","slug":"vereador-averaldo-toma-posse-hoje-na-presidencia-da-camara-de-costa-rica","status":"publish","type":"post","link":"https:\/\/www.ocorreionews.com.br\/acervo-correio\/?p=18056","title":{"rendered":"Vereador Averaldo toma posse hoje na presid\u00eancia da c\u00e2mara de Costa Rica"},"content":{"rendered":"<div>Em sess\u00e3o extraordin\u00e1ria a ser a realizada hoje 04 de janeiro de 2016 \u00e0 partir das 19:00 horas no Plen\u00e1rio de Delibera\u00e7\u00f5es vereador Simino Jorge de Oliveira, oficialmente ocorrer\u00e1 mudan\u00e7as na Mesa Diretora da C\u00e2mara de Vereadores de Costa Rica \u2013 MS.<\/div>\n<div><\/div>\n<div>Para o novo ano a C\u00e2mara ter\u00e1 como presidente o vereador Averaldo Barbosa da Costa (PPS), j\u00e1 a vice-presid\u00eancia ficar\u00e1 com vereador Ailton Martins Amorim (PMDB), a primeira secret\u00e1ria ser\u00e1 a vereadora \u00c1urea Maria Frezarin Rosa (PSB) e dentro da sess\u00e3o ocorre elei\u00e7\u00e3o de escolha do segundo secret\u00e1rio.<\/div>\n<div><\/div>\n<div>\n<div>Segundo o vereador Averaldo Barbosa ele agora como presidente vem somar mais em prol da popula\u00e7\u00e3o \u201cAgrade\u00e7o por mais est\u00e1 etapa na C\u00e2mara que me foi concedida e acredito agora na presid\u00eancia venho a contribuir ainda mais para popula\u00e7\u00e3o\u201d. E acrescentou que ir\u00e1 trabalhar em conjunto \u201cVamos continuar com a parceria junto ao Executivo Municipal e buscar a moderniza\u00e7\u00e3o e informatiza\u00e7\u00e3o do processo Legislativo \u201d, relatou ele.<\/div>\n<div><\/div>\n<div>J\u00e1 o presidente da Legislatura de 2015 vereador Jos\u00e9 Augusto Maia Vasconcellos (DEM) que agora neste ano deixa a presid\u00eancia destacou o trabalho realizado em seu mandato \u201cTrabalhamos bastante foram in\u00fameras mudan\u00e7as realizadas, fizemos projetos como o de economia de \u00e1gua, a cria\u00e7\u00e3o da sala de apoio ao aposentado, as cartilhas de combate \u00e0s drogas e em parceria fizemos o evento da Tr\u00edplice Fronteira \u00a0e na parte constitucional \u00a0fizemos e aprovamos um grande n\u00famero de projetos, criamos o C\u00f3digo de \u00c9tica e Decoro Parlamentar, a atualiza\u00e7\u00e3o legal do regimento interno, a reformula\u00e7\u00e3o tribut\u00e1ria do Munic\u00edpio e assim sempre em parceria com Executivo Municipal para trabalhar para popula\u00e7\u00e3o\u201d, destacou Dr. Maia.<\/div>\n<div>costaricaemfoco<\/div>\n<\/div>\n","protected":false},"excerpt":{"rendered":"<p>Em sess\u00e3o extraordin\u00e1ria a ser a realizada hoje 04 de janeiro de 2016 \u00e0 partir das 19:00 horas no Plen\u00e1rio de Delibera\u00e7\u00f5es vereador Simino Jorge de Oliveira, oficialmente ocorrer\u00e1 mudan\u00e7as na Mesa Diretora da C\u00e2mara de Vereadores de Costa Rica \u2013 MS. Para o novo ano a C\u00e2mara ter\u00e1 como presidente o vereador Averaldo Barbosa [&hellip;]<\/p>\n","protected":false},"author":4,"featured_media":18057,"comment_status":"closed","ping_status":"closed","sticky":false,"template":"","format":"standard","meta":{"footnotes":""},"categories":[25],"tags":[],"class_list":["post-18056","post","type-post","status-publish","format-standard","has-post-thumbnail","hentry","category-costa-rica"],"_links":{"self":[{"href":"https:\/\/www.ocorreionews.com.br\/acervo-correio\/index.php?rest_route=\/wp\/v2\/posts\/18056","targetHints":{"allow":["GET"]}}],"collection":[{"href":"https:\/\/www.ocorreionews.com.br\/acervo-correio\/index.php?rest_route=\/wp\/v2\/posts"}],"about":[{"href":"https:\/\/www.ocorreionews.com.br\/acervo-correio\/index.php?rest_route=\/wp\/v2\/types\/post"}],"author":[{"embeddable":true,"href":"https:\/\/www.ocorreionews.com.br\/acervo-correio\/index.php?rest_route=\/wp\/v2\/users\/4"}],"replies":[{"embeddable":true,"href":"https:\/\/www.ocorreionews.com.br\/acervo-correio\/index.php?rest_route=%2Fwp%2Fv2%2Fcomments&post=18056"}],"version-history":[{"count":0,"href":"https:\/\/www.ocorreionews.com.br\/acervo-correio\/index.php?rest_route=\/wp\/v2\/posts\/18056\/revisions"}],"wp:featuredmedia":[{"embeddable":true,"href":"https:\/\/www.ocorreionews.com.br\/acervo-correio\/index.php?rest_route=\/wp\/v2\/media\/18057"}],"wp:attachment":[{"href":"https:\/\/www.ocorreionews.com.br\/acervo-correio\/index.php?rest_route=%2Fwp%2Fv2%2Fmedia&parent=18056"}],"wp:term":[{"taxonomy":"category","embeddable":true,"href":"https:\/\/www.ocorreionews.com.br\/acervo-correio\/index.php?rest_route=%2Fwp%2Fv2%2Fcategories&post=18056"},{"taxonomy":"post_tag","embeddable":true,"href":"https:\/\/www.ocorreionews.com.br\/acervo-correio\/index.php?rest_route=%2Fwp%2Fv2%2Ftags&post=18056"}],"curies":[{"name":"wp","href":"https:\/\/api.w.org\/{rel}","templated":true}]}}