{"id":18069,"date":"2016-01-05T08:12:27","date_gmt":"2016-01-05T11:12:27","guid":{"rendered":"https:\/\/ocorreionews.com.br\/?p=18069"},"modified":"2016-01-05T08:12:27","modified_gmt":"2016-01-05T11:12:27","slug":"mec-confirma-para-sexta-feira-divulgacao-das-notas-do-enem2015","status":"publish","type":"post","link":"https:\/\/www.ocorreionews.com.br\/acervo-correio\/?p=18069","title":{"rendered":"MEC confirma para sexta-feira divulga\u00e7\u00e3o das notas do ENEM\/2015"},"content":{"rendered":"<p>Na pr\u00f3xima sexta-feira (8) os 5,7 milh\u00f5es de candidatos que fizeram o Exame Nacional do Ensino M\u00e9dio (Enem) saber\u00e3o quanto tiraram em cada uma das provas. Os resultados estar\u00e3o dispon\u00edveis na internet, na p\u00e1gina do Instituto Nacional de Estudos e Pesquisas Educacionais An\u00edsio Teixeira (Inep). Em Mato Grosso do Sul 131.697 se inscreveram para as provas, mas 30,7% faltaram, ou sejam 91.266 fizeram as obras.<\/p>\n<p class=\"veja_mais_simples\">Os estudantes ter\u00e3o acesso a uma tabela com a nota obtida em cada uma das provas: linguagens, matem\u00e1tica, ci\u00eancias humanas, ci\u00eancias da natureza e reda\u00e7\u00e3o. Eles ainda n\u00e3o ter\u00e3o, por\u00e9m, acesso ao espelho da reda\u00e7\u00e3o, com a corre\u00e7\u00e3o mais detalhada do texto, que ser\u00e1 divulgado posteriormente.<\/p>\n<p>As notas do Enem s\u00e3o calculadas com base na Teoria de Resposta ao Item (TRI), ou seja, o valor de cada item varia de acordo com o n\u00famero de candidatos que acertaram ou erraram a resposta. Quanto mais candidatos acertarem, mais f\u00e1cil \u00e9 considerado o item e menos vale. Ao contr\u00e1rio, se menos candidatos acertarem, o item \u00e9 considerado dif\u00edcil e vale mais.<\/p>\n<p>A nota do Enem poder\u00e1 ser usada para participar de programas como o Sistema de Sele\u00e7\u00e3o Unificada (Sisu), que oferece vagas em institui\u00e7\u00f5es p\u00fablicas de ensino superior em todo o pa\u00eds. As inscri\u00e7\u00f5es poder\u00e3o ser feitas de 11 a 14 de janeiro. Nesta edi\u00e7\u00e3o ser\u00e3o ofertadas 228 mil vagas. Para participar, o candidato n\u00e3o pode ter tirado 0 na reda\u00e7\u00e3o.<\/p>\n<p>A nota poder\u00e1 ser usada tamb\u00e9m para obter bolsas de estudo integrais ou parciais em institui\u00e7\u00f5es particulares de ensino superior pelo Programa Universidade para Todos (ProUni) e financiamento pelo Fundo de Financiamento Estudantil (Fies). Para participar dos programas, o estudante n\u00e3o pode ter zerado a reda\u00e7\u00e3o e precisa obter pelo menos uma m\u00e9dia de 450 pontos nas demais provas do Enem.<\/p>\n<p>Para obter a certifica\u00e7\u00e3o do ensino m\u00e9dio, \u00e9 preciso ter feito a solicita\u00e7\u00e3o no in\u00edcio do ano, na hora da inscri\u00e7\u00e3o, ter mais de 18 anos e ter obtido pelo menos 450 pontos em cada uma das provas e 500 pontos ou mais na reda\u00e7\u00e3o.<\/p>\n<p>A nota pode ser usada tamb\u00e9m para participar do programa de interc\u00e2mbio acad\u00eamico Ci\u00eancia sem Fronteiras e do Sistema de Sele\u00e7\u00e3o Unificada do Ensino T\u00e9cnico e Profissional (Sisutec), que destina a estudantes vagas gratuitas em cursos t\u00e9cnicos.<\/p>\n<p>&nbsp;<\/p>\n<p>&nbsp;<\/p>\n<p>Ag\u00eancia Brasil<\/p>\n","protected":false},"excerpt":{"rendered":"<p>Na pr\u00f3xima sexta-feira (8) os 5,7 milh\u00f5es de candidatos que fizeram o Exame Nacional do Ensino M\u00e9dio (Enem) saber\u00e3o quanto tiraram em cada uma das provas. Os resultados estar\u00e3o dispon\u00edveis na internet, na p\u00e1gina do Instituto Nacional de Estudos e Pesquisas Educacionais An\u00edsio Teixeira (Inep). Em Mato Grosso do Sul 131.697 se inscreveram para as [&hellip;]<\/p>\n","protected":false},"author":4,"featured_media":2764,"comment_status":"closed","ping_status":"closed","sticky":false,"template":"","format":"standard","meta":{"footnotes":""},"categories":[27],"tags":[],"class_list":["post-18069","post","type-post","status-publish","format-standard","has-post-thumbnail","hentry","category-educacao"],"_links":{"self":[{"href":"https:\/\/www.ocorreionews.com.br\/acervo-correio\/index.php?rest_route=\/wp\/v2\/posts\/18069","targetHints":{"allow":["GET"]}}],"collection":[{"href":"https:\/\/www.ocorreionews.com.br\/acervo-correio\/index.php?rest_route=\/wp\/v2\/posts"}],"about":[{"href":"https:\/\/www.ocorreionews.com.br\/acervo-correio\/index.php?rest_route=\/wp\/v2\/types\/post"}],"author":[{"embeddable":true,"href":"https:\/\/www.ocorreionews.com.br\/acervo-correio\/index.php?rest_route=\/wp\/v2\/users\/4"}],"replies":[{"embeddable":true,"href":"https:\/\/www.ocorreionews.com.br\/acervo-correio\/index.php?rest_route=%2Fwp%2Fv2%2Fcomments&post=18069"}],"version-history":[{"count":0,"href":"https:\/\/www.ocorreionews.com.br\/acervo-correio\/index.php?rest_route=\/wp\/v2\/posts\/18069\/revisions"}],"wp:featuredmedia":[{"embeddable":true,"href":"https:\/\/www.ocorreionews.com.br\/acervo-correio\/index.php?rest_route=\/wp\/v2\/media\/2764"}],"wp:attachment":[{"href":"https:\/\/www.ocorreionews.com.br\/acervo-correio\/index.php?rest_route=%2Fwp%2Fv2%2Fmedia&parent=18069"}],"wp:term":[{"taxonomy":"category","embeddable":true,"href":"https:\/\/www.ocorreionews.com.br\/acervo-correio\/index.php?rest_route=%2Fwp%2Fv2%2Fcategories&post=18069"},{"taxonomy":"post_tag","embeddable":true,"href":"https:\/\/www.ocorreionews.com.br\/acervo-correio\/index.php?rest_route=%2Fwp%2Fv2%2Ftags&post=18069"}],"curies":[{"name":"wp","href":"https:\/\/api.w.org\/{rel}","templated":true}]}}