{"id":18073,"date":"2016-01-05T08:18:46","date_gmt":"2016-01-05T11:18:46","guid":{"rendered":"https:\/\/ocorreionews.com.br\/?p=18073"},"modified":"2016-01-05T08:18:46","modified_gmt":"2016-01-05T11:18:46","slug":"com-publico-estimado-de-9-mil-pessoas-reveillon-de-costa-rica-e-um-sucesso","status":"publish","type":"post","link":"https:\/\/www.ocorreionews.com.br\/acervo-correio\/?p=18073","title":{"rendered":"Com p\u00fablico estimado de 9 mil pessoas, R\u00e9veillon de Costa Rica \u00e9 um sucesso"},"content":{"rendered":"<div class=\"marginBottom30px link-Internas\">\n<p>O R\u00e9veillon de Costa Rica \u2013 MS atraiu mais de 9 mil pessoas no Centro de Eventos Ramez Tebet. A festa foi animada pela Banda Kapital e contou com um grande p\u00fablico que assistiu a uma linda queima de fogos que durou 10 minutos.<\/p>\n<p>O vice-prefeito e secret\u00e1rio de governo Roberto Rodrigues, no ato representando o prefeito Waldeli dos Santos Rosa, declarou que o evento &#8220;foi lindo pois contou com a grande participa\u00e7\u00e3o popular iluminados pelo show pirot\u00e9cnico. Desejo um Feliz Ano Novo cheio de conquistas&#8221;.<\/p>\n<p>&#8220;O clima de R\u00e9veillon foi de paz e alegria, entre pessoas das mais diferentes idades, que puderam desfrutar dos mais diversos ritmos musicais&#8221;, comentou o<br \/>\npresidente da C\u00e2mara de Vereadores Jos\u00e9 Augusto Maia Vasconcellos no ato representando a Casa de Leis. O evento tamb\u00e9m contou com a presen\u00e7a de secret\u00e1rios e subsecret\u00e1rios\u00a0 municipais.<\/p>\n<p><a href=\"https:\/\/ocorreionews.com.br\/wp-content\/uploads\/2016\/01\/viradadeano-cr.jpg\" rel=\"attachment wp-att-18076\"><img loading=\"lazy\" decoding=\"async\" class=\"alignnone wp-image-18076 size-full\" src=\"https:\/\/ocorreionews.com.br\/wp-content\/uploads\/2016\/01\/viradadeano-cr.jpg\" alt=\"viradadeano cr\" width=\"800\" height=\"530\" srcset=\"https:\/\/www.ocorreionews.com.br\/acervo-correio\/wp-content\/uploads\/2016\/01\/viradadeano-cr.jpg 800w, https:\/\/www.ocorreionews.com.br\/acervo-correio\/wp-content\/uploads\/2016\/01\/viradadeano-cr-300x199.jpg 300w, https:\/\/www.ocorreionews.com.br\/acervo-correio\/wp-content\/uploads\/2016\/01\/viradadeano-cr-768x509.jpg 768w\" sizes=\"auto, (max-width: 800px) 100vw, 800px\" \/><\/a> <a href=\"https:\/\/ocorreionews.com.br\/wp-content\/uploads\/2016\/01\/viradadeano-cr-2.jpg\" rel=\"attachment wp-att-18074\"><img loading=\"lazy\" decoding=\"async\" class=\"alignnone wp-image-18074 size-full\" src=\"https:\/\/ocorreionews.com.br\/wp-content\/uploads\/2016\/01\/viradadeano-cr-2.jpg\" alt=\"viradadeano cr 2\" width=\"800\" height=\"530\" srcset=\"https:\/\/www.ocorreionews.com.br\/acervo-correio\/wp-content\/uploads\/2016\/01\/viradadeano-cr-2.jpg 800w, https:\/\/www.ocorreionews.com.br\/acervo-correio\/wp-content\/uploads\/2016\/01\/viradadeano-cr-2-300x199.jpg 300w, https:\/\/www.ocorreionews.com.br\/acervo-correio\/wp-content\/uploads\/2016\/01\/viradadeano-cr-2-768x509.jpg 768w\" sizes=\"auto, (max-width: 800px) 100vw, 800px\" \/><\/a><\/p>\n<\/div>\n<div class=\"marginBottom30px link-Internas\">ASSECOM\/PMCR<\/div>\n","protected":false},"excerpt":{"rendered":"<p>O R\u00e9veillon de Costa Rica \u2013 MS atraiu mais de 9 mil pessoas no Centro de Eventos Ramez Tebet. A festa foi animada pela Banda Kapital e contou com um grande p\u00fablico que assistiu a uma linda queima de fogos que durou 10 minutos. O vice-prefeito e secret\u00e1rio de governo Roberto Rodrigues, no ato representando [&hellip;]<\/p>\n","protected":false},"author":4,"featured_media":18075,"comment_status":"closed","ping_status":"closed","sticky":false,"template":"","format":"standard","meta":{"footnotes":""},"categories":[25],"tags":[],"class_list":["post-18073","post","type-post","status-publish","format-standard","has-post-thumbnail","hentry","category-costa-rica"],"_links":{"self":[{"href":"https:\/\/www.ocorreionews.com.br\/acervo-correio\/index.php?rest_route=\/wp\/v2\/posts\/18073","targetHints":{"allow":["GET"]}}],"collection":[{"href":"https:\/\/www.ocorreionews.com.br\/acervo-correio\/index.php?rest_route=\/wp\/v2\/posts"}],"about":[{"href":"https:\/\/www.ocorreionews.com.br\/acervo-correio\/index.php?rest_route=\/wp\/v2\/types\/post"}],"author":[{"embeddable":true,"href":"https:\/\/www.ocorreionews.com.br\/acervo-correio\/index.php?rest_route=\/wp\/v2\/users\/4"}],"replies":[{"embeddable":true,"href":"https:\/\/www.ocorreionews.com.br\/acervo-correio\/index.php?rest_route=%2Fwp%2Fv2%2Fcomments&post=18073"}],"version-history":[{"count":0,"href":"https:\/\/www.ocorreionews.com.br\/acervo-correio\/index.php?rest_route=\/wp\/v2\/posts\/18073\/revisions"}],"wp:featuredmedia":[{"embeddable":true,"href":"https:\/\/www.ocorreionews.com.br\/acervo-correio\/index.php?rest_route=\/wp\/v2\/media\/18075"}],"wp:attachment":[{"href":"https:\/\/www.ocorreionews.com.br\/acervo-correio\/index.php?rest_route=%2Fwp%2Fv2%2Fmedia&parent=18073"}],"wp:term":[{"taxonomy":"category","embeddable":true,"href":"https:\/\/www.ocorreionews.com.br\/acervo-correio\/index.php?rest_route=%2Fwp%2Fv2%2Fcategories&post=18073"},{"taxonomy":"post_tag","embeddable":true,"href":"https:\/\/www.ocorreionews.com.br\/acervo-correio\/index.php?rest_route=%2Fwp%2Fv2%2Ftags&post=18073"}],"curies":[{"name":"wp","href":"https:\/\/api.w.org\/{rel}","templated":true}]}}