{"id":18078,"date":"2016-01-05T08:23:18","date_gmt":"2016-01-05T11:23:18","guid":{"rendered":"https:\/\/ocorreionews.com.br\/?p=18078"},"modified":"2016-01-05T08:23:18","modified_gmt":"2016-01-05T11:23:18","slug":"paranaiba-cabo-de-alta-tensao-cai-sobre-carro-com-casal-dentro","status":"publish","type":"post","link":"https:\/\/www.ocorreionews.com.br\/acervo-correio\/?p=18078","title":{"rendered":"PARANA\u00cdBA &#8211; Cabo de alta tens\u00e3o cai sobre carro com casal dentro"},"content":{"rendered":"<p>Na tarde de segunda-feira (4), por volta das 13h, um cabo de alta tens\u00e3o que passa pela avenida Coronel Gustavo Rodrigues da Silva, caiu sobre um ve\u00edculo com dois ocupantes. O casal que estava no carro saiu ileso.<\/p>\n<p>Segundo as informa\u00e7\u00f5es, o condutor do ve\u00edculo, um homem de 31 anos, sa\u00eda da garagem quando o cabo caiu em cima do carro. Segundo os solados do Corpo de Bombeiros, que atenderam o caso, o casal agiu de forma correta n\u00e3o descendo do ve\u00edculo. Explicaram que em casos como este e em tempestades, o interior dos ve\u00edculos s\u00e3o abrigos seguros, pois como os pneus s\u00e3o de borracha a energia n\u00e3o chega at\u00e9 o interior. Se os ocupantes do ve\u00edculo sa\u00edssem, ou ao menos colocassem os p\u00e9s no ch\u00e3o, corriam risco de morte por eletrocuss\u00e3o.<\/p>\n<p><img loading=\"lazy\" decoding=\"async\" src=\"http:\/\/www.jornaltribunalivre.com\/v3\/uploads\/Fotos\/1457575_970558049659460_1589297854748218646_n.jpg\" alt=\"\" width=\"710\" height=\"399\" \/><\/p>\n<p>A Energisa n\u00e3o deu informa\u00e7\u00f5es sobre o que provocou o rompimento do cabo, que com isso deixou parte da cidade sem energia, at\u00e9 que o problema fosse resolvido.<\/p>\n<p>&nbsp;<\/p>\n<p>&nbsp;<\/p>\n<p>Fonte: Jornal Tribuna Livre<\/p>\n","protected":false},"excerpt":{"rendered":"<p>Na tarde de segunda-feira (4), por volta das 13h, um cabo de alta tens\u00e3o que passa pela avenida Coronel Gustavo Rodrigues da Silva, caiu sobre um ve\u00edculo com dois ocupantes. O casal que estava no carro saiu ileso. Segundo as informa\u00e7\u00f5es, o condutor do ve\u00edculo, um homem de 31 anos, sa\u00eda da garagem quando o [&hellip;]<\/p>\n","protected":false},"author":4,"featured_media":18079,"comment_status":"closed","ping_status":"closed","sticky":false,"template":"","format":"standard","meta":{"footnotes":""},"categories":[38],"tags":[],"class_list":["post-18078","post","type-post","status-publish","format-standard","has-post-thumbnail","hentry","category-policia"],"_links":{"self":[{"href":"https:\/\/www.ocorreionews.com.br\/acervo-correio\/index.php?rest_route=\/wp\/v2\/posts\/18078","targetHints":{"allow":["GET"]}}],"collection":[{"href":"https:\/\/www.ocorreionews.com.br\/acervo-correio\/index.php?rest_route=\/wp\/v2\/posts"}],"about":[{"href":"https:\/\/www.ocorreionews.com.br\/acervo-correio\/index.php?rest_route=\/wp\/v2\/types\/post"}],"author":[{"embeddable":true,"href":"https:\/\/www.ocorreionews.com.br\/acervo-correio\/index.php?rest_route=\/wp\/v2\/users\/4"}],"replies":[{"embeddable":true,"href":"https:\/\/www.ocorreionews.com.br\/acervo-correio\/index.php?rest_route=%2Fwp%2Fv2%2Fcomments&post=18078"}],"version-history":[{"count":0,"href":"https:\/\/www.ocorreionews.com.br\/acervo-correio\/index.php?rest_route=\/wp\/v2\/posts\/18078\/revisions"}],"wp:featuredmedia":[{"embeddable":true,"href":"https:\/\/www.ocorreionews.com.br\/acervo-correio\/index.php?rest_route=\/wp\/v2\/media\/18079"}],"wp:attachment":[{"href":"https:\/\/www.ocorreionews.com.br\/acervo-correio\/index.php?rest_route=%2Fwp%2Fv2%2Fmedia&parent=18078"}],"wp:term":[{"taxonomy":"category","embeddable":true,"href":"https:\/\/www.ocorreionews.com.br\/acervo-correio\/index.php?rest_route=%2Fwp%2Fv2%2Fcategories&post=18078"},{"taxonomy":"post_tag","embeddable":true,"href":"https:\/\/www.ocorreionews.com.br\/acervo-correio\/index.php?rest_route=%2Fwp%2Fv2%2Ftags&post=18078"}],"curies":[{"name":"wp","href":"https:\/\/api.w.org\/{rel}","templated":true}]}}