{"id":18081,"date":"2016-01-05T08:35:11","date_gmt":"2016-01-05T11:35:11","guid":{"rendered":"https:\/\/ocorreionews.com.br\/?p=18081"},"modified":"2016-01-05T08:35:11","modified_gmt":"2016-01-05T11:35:11","slug":"entrevista-de-emprego-veja-lista-com-18-perguntas-para-impressionar","status":"publish","type":"post","link":"https:\/\/www.ocorreionews.com.br\/acervo-correio\/?p=18081","title":{"rendered":"Entrevista de emprego: veja lista com 18 perguntas para impressionar"},"content":{"rendered":"<p>Preparar perguntas relevantes e bem formuladas para a entrevista de emprego mostra que o candidato se preparou e realmente est\u00e1 interessado na vaga e em trabalhar na empresa. Al\u00e9m disso, tamb\u00e9m mostra o conhecimento e a pesquisa feita do profissional, atitudes que podem impressionar na hora da conversa.<\/p>\n<p>Fazer perguntas tamb\u00e9m \u00e9 uma forma importante para que o candidato conhe\u00e7a a empresa, o cargo e tome uma decis\u00e3o bem fundamentada, se necess\u00e1rio.<\/p>\n<p>A Michael Page listou 18 perguntas que v\u00e3o ajudar o candidato a impressionar o recrutador, lembrando que \u00e9 importante trazer questionamentos que n\u00e3o podem ser respondidos pelo pr\u00f3prio profissional:<\/p>\n<p><strong>Sobre o cargo<\/strong><br \/>\n1) Como este cargo ficou dispon\u00edvel?<br \/>\n2) Como a performance \u00e9 medida e com qual frequ\u00eancia ela \u00e9 revisada?<br \/>\n3) Quais oportunidades de carreira est\u00e3o dispon\u00edveis a longo prazo e como voc\u00ea pode apoiar o desenvolvimento profissional da equipe?<br \/>\n4) Quais s\u00e3o os principais desafios do cargo, especialmente nos primeiros 6 meses?<br \/>\n5) Como voc\u00ea descreveria um dia t\u00edpico desta fun\u00e7\u00e3o?<\/p>\n<p><strong>Sobre a equipe<\/strong><br \/>\n6) Quantas pessoas est\u00e3o na minha equipe e quais s\u00e3o suas posi\u00e7\u00f5es?<br \/>\n7) Qual o papel da equipe dentro da empresa?<br \/>\n8) Como voc\u00ea descreveria a cultura da equipe?<br \/>\n9) Com quem vou trabalhar com maior proximidade?<br \/>\n10) Qual \u00e9 o plano da empresa para essa equipe nos pr\u00f3ximos anos?<\/p>\n<p><strong>Sobre o gerente\/ chefia<\/strong><br \/>\n11) Como voc\u00ea descreveria seu estilo de gest\u00e3o?<br \/>\n12) Voc\u00ea pode me falar sobre as suas experi\u00eancia e seus pontos fortes?<br \/>\n13) O que voc\u00ea mais gosta sobre trabalhar aqui?<br \/>\n14) Quais as qualidades que voc\u00ea gosta e o que voc\u00ea n\u00e3o gosta nos membros da sua equipe?<\/p>\n<p><strong>Sobre a empresa<\/strong><br \/>\n15) Como voc\u00ea descreveria a cultura da empresa?<br \/>\n16) Qual o estilo de lideran\u00e7a da equipe de gest\u00e3o superior?<br \/>\n17) Quais quest\u00f5es fundamentais a empresa est\u00e1 enfrentando no momento?<br \/>\n18) Quais s\u00e3o os principais planos da empresa para os pr\u00f3ximos 5 anos?<\/p>\n<p>&nbsp;<\/p>\n<p>&nbsp;<\/p>\n<p>G1 SP &#8211; Imagem Ilustrativa<\/p>\n","protected":false},"excerpt":{"rendered":"<p>Preparar perguntas relevantes e bem formuladas para a entrevista de emprego mostra que o candidato se preparou e realmente est\u00e1 interessado na vaga e em trabalhar na empresa. Al\u00e9m disso, tamb\u00e9m mostra o conhecimento e a pesquisa feita do profissional, atitudes que podem impressionar na hora da conversa. Fazer perguntas tamb\u00e9m \u00e9 uma forma importante [&hellip;]<\/p>\n","protected":false},"author":4,"featured_media":18082,"comment_status":"closed","ping_status":"closed","sticky":false,"template":"","format":"standard","meta":{"footnotes":""},"categories":[31],"tags":[],"class_list":["post-18081","post","type-post","status-publish","format-standard","has-post-thumbnail","hentry","category-geral"],"_links":{"self":[{"href":"https:\/\/www.ocorreionews.com.br\/acervo-correio\/index.php?rest_route=\/wp\/v2\/posts\/18081","targetHints":{"allow":["GET"]}}],"collection":[{"href":"https:\/\/www.ocorreionews.com.br\/acervo-correio\/index.php?rest_route=\/wp\/v2\/posts"}],"about":[{"href":"https:\/\/www.ocorreionews.com.br\/acervo-correio\/index.php?rest_route=\/wp\/v2\/types\/post"}],"author":[{"embeddable":true,"href":"https:\/\/www.ocorreionews.com.br\/acervo-correio\/index.php?rest_route=\/wp\/v2\/users\/4"}],"replies":[{"embeddable":true,"href":"https:\/\/www.ocorreionews.com.br\/acervo-correio\/index.php?rest_route=%2Fwp%2Fv2%2Fcomments&post=18081"}],"version-history":[{"count":0,"href":"https:\/\/www.ocorreionews.com.br\/acervo-correio\/index.php?rest_route=\/wp\/v2\/posts\/18081\/revisions"}],"wp:featuredmedia":[{"embeddable":true,"href":"https:\/\/www.ocorreionews.com.br\/acervo-correio\/index.php?rest_route=\/wp\/v2\/media\/18082"}],"wp:attachment":[{"href":"https:\/\/www.ocorreionews.com.br\/acervo-correio\/index.php?rest_route=%2Fwp%2Fv2%2Fmedia&parent=18081"}],"wp:term":[{"taxonomy":"category","embeddable":true,"href":"https:\/\/www.ocorreionews.com.br\/acervo-correio\/index.php?rest_route=%2Fwp%2Fv2%2Fcategories&post=18081"},{"taxonomy":"post_tag","embeddable":true,"href":"https:\/\/www.ocorreionews.com.br\/acervo-correio\/index.php?rest_route=%2Fwp%2Fv2%2Ftags&post=18081"}],"curies":[{"name":"wp","href":"https:\/\/api.w.org\/{rel}","templated":true}]}}