{"id":18091,"date":"2016-01-05T08:49:48","date_gmt":"2016-01-05T11:49:48","guid":{"rendered":"https:\/\/ocorreionews.com.br\/?p=18091"},"modified":"2016-01-05T08:49:48","modified_gmt":"2016-01-05T11:49:48","slug":"bebe-que-nasceu-com-dois-sexos-em-ms-e-menina-afirma-madrinha","status":"publish","type":"post","link":"https:\/\/www.ocorreionews.com.br\/acervo-correio\/?p=18091","title":{"rendered":"Beb\u00ea que nasceu com dois sexos em MS \u00e9 menina, afirma madrinha"},"content":{"rendered":"<p>A d\u00favida diante do sexo do beb\u00ea que nasceu com os dois \u00f3rg\u00e3os genitais, em Tr\u00eas Lagoas, a 313 quil\u00f4metros de Campo Grande, finalmente acabou. Na visita ao m\u00e9dico h\u00e1 pouco mais de um m\u00eas, exames apontaram definitivamente que a crian\u00e7a \u00e9 uma menina, segundo a madrinha, que prefere n\u00e3o se identificar para evitar a exposi\u00e7\u00e3o da crian\u00e7a. &#8220;Os exames mostraram \u00fatero e ov\u00e1rio. Foi um milagre. At\u00e9 os m\u00e9dicos choraram&#8221;, afirma a mulher.<\/p>\n<p>O beb\u00ea tem hoje quase 1 ano de idade. Desde 2015, a m\u00e3e e a madrinha se empenhavam entre idas e vindas at\u00e9 a capital paulista em busca de respostas sobre o sexo da crian\u00e7a. Por falta de tratamento em <span class=\"premium-tip\">Tr\u00eas Lagoas<\/span>, levaram por v\u00e1rias vezes o beb\u00ea para consultas no Hospital das Cl\u00ednicas de S\u00e3o Paulo.<\/p>\n<p>As viagens eram a cada dois meses e custavam muito para a m\u00e3e, uma jovem solteira de 24 anos que depende de programas sociais e da pens\u00e3o de outros tr\u00eas filhos pequenos. Durante esse tempo, a madrinha foi quem se disp\u00f4s a ajud\u00e1-la e buscou apoio no munic\u00edpio.<\/p>\n<div class=\"saibamais componente_materia\"><strong>Gesta\u00e7\u00e3o<\/strong><br \/>\nA d\u00favida persistia desde que a crian\u00e7a nasceu. A princ\u00edpio, ainda na gesta\u00e7\u00e3o, a m\u00e3e foi informada pelos m\u00e9dicos de que o mais novo membro da fam\u00edlia seria um menino. De acordo com a madrinha, foi por conta de um ultrassom que apontou essa possibilidade que ela preparou um ch\u00e1 de beb\u00ea &#8220;todo branco e azul&#8221;.<\/div>\n<p>At\u00e9 ent\u00e3o estava tudo conforme planejado, mas ao nascer, os m\u00e9dicos verificaram que a crian\u00e7a tinha os dois sexos expostos. Mesmo assim, com base em um exame que mostrou o que seria ov\u00e1rio e \u00fatero, a m\u00e3e registrou o beb\u00ea como menina. O m\u00e9dico obstetra e coordenador da maternidade do Hospital Auxiliadora, Val\u00e9rio Abud Chinaglia, que acompanhou o parto da crian\u00e7a, disse na \u00e9poca que poderia se tratar de anomalia gen\u00e9tica, situa\u00e7\u00e3o &#8220;incomum e pouco frequente&#8221;.<\/p>\n<p>Para manter a crian\u00e7a apenas com o \u00f3rg\u00e3o feminino por meio de uma opera\u00e7\u00e3o, a fam\u00edlia foi buscar ajuda m\u00e9dica em S\u00e3o Paulo. L\u00e1, as d\u00favidas continuaram e levantou-se novamente a possibilidade de a crian\u00e7a ser menino. Diante da situa\u00e7\u00e3o, a m\u00e3e entrou em desespero. Ela e a madrinha passaram a temer pelo futuro da crian\u00e7a. A madrinha dizia que sentia &#8220;medo de a crian\u00e7a crescer e ficar confusa&#8221;.<\/p>\n<p><strong>&#8216;Milagre&#8217;<\/strong><br \/>\nMas, foi no fim de novembro que &#8220;o milagre aconteceu&#8221; em uma das salas m\u00e9dicas do Hospital das Cl\u00ednicas. &#8220;Eram 18 m\u00e9dicos em uma sala. Ningu\u00e9m acreditava quando viu o resultado dos exames. Ficaram preocupados. Olharam de novo e confirmaram. Uma m\u00e9dica chegou a dizer assim: &#8216;l\u00e1 em cima tem um doutor maior que n\u00f3s&#8217;. Todo mundo chorou. At\u00e9 eu&#8221;, relembrou a madrinha.<\/p>\n<p>Com a defini\u00e7\u00e3o, a menina deve passar pela cirurgia de reparo em agosto de 2017. As d\u00favidas e o medo deram lugar ao sossego da fam\u00edlia que deve voltar ao hospital para nova consulta daqui a seis meses.<\/p>\n<p>&nbsp;<\/p>\n<p>&nbsp;<\/p>\n<p>G1 MS<\/p>\n","protected":false},"excerpt":{"rendered":"<p>A d\u00favida diante do sexo do beb\u00ea que nasceu com os dois \u00f3rg\u00e3os genitais, em Tr\u00eas Lagoas, a 313 quil\u00f4metros de Campo Grande, finalmente acabou. Na visita ao m\u00e9dico h\u00e1 pouco mais de um m\u00eas, exames apontaram definitivamente que a crian\u00e7a \u00e9 uma menina, segundo a madrinha, que prefere n\u00e3o se identificar para evitar a [&hellip;]<\/p>\n","protected":false},"author":4,"featured_media":18092,"comment_status":"closed","ping_status":"closed","sticky":false,"template":"","format":"standard","meta":{"footnotes":""},"categories":[31],"tags":[],"class_list":["post-18091","post","type-post","status-publish","format-standard","has-post-thumbnail","hentry","category-geral"],"_links":{"self":[{"href":"https:\/\/www.ocorreionews.com.br\/acervo-correio\/index.php?rest_route=\/wp\/v2\/posts\/18091","targetHints":{"allow":["GET"]}}],"collection":[{"href":"https:\/\/www.ocorreionews.com.br\/acervo-correio\/index.php?rest_route=\/wp\/v2\/posts"}],"about":[{"href":"https:\/\/www.ocorreionews.com.br\/acervo-correio\/index.php?rest_route=\/wp\/v2\/types\/post"}],"author":[{"embeddable":true,"href":"https:\/\/www.ocorreionews.com.br\/acervo-correio\/index.php?rest_route=\/wp\/v2\/users\/4"}],"replies":[{"embeddable":true,"href":"https:\/\/www.ocorreionews.com.br\/acervo-correio\/index.php?rest_route=%2Fwp%2Fv2%2Fcomments&post=18091"}],"version-history":[{"count":0,"href":"https:\/\/www.ocorreionews.com.br\/acervo-correio\/index.php?rest_route=\/wp\/v2\/posts\/18091\/revisions"}],"wp:featuredmedia":[{"embeddable":true,"href":"https:\/\/www.ocorreionews.com.br\/acervo-correio\/index.php?rest_route=\/wp\/v2\/media\/18092"}],"wp:attachment":[{"href":"https:\/\/www.ocorreionews.com.br\/acervo-correio\/index.php?rest_route=%2Fwp%2Fv2%2Fmedia&parent=18091"}],"wp:term":[{"taxonomy":"category","embeddable":true,"href":"https:\/\/www.ocorreionews.com.br\/acervo-correio\/index.php?rest_route=%2Fwp%2Fv2%2Fcategories&post=18091"},{"taxonomy":"post_tag","embeddable":true,"href":"https:\/\/www.ocorreionews.com.br\/acervo-correio\/index.php?rest_route=%2Fwp%2Fv2%2Ftags&post=18091"}],"curies":[{"name":"wp","href":"https:\/\/api.w.org\/{rel}","templated":true}]}}