{"id":18096,"date":"2016-01-05T10:08:49","date_gmt":"2016-01-05T13:08:49","guid":{"rendered":"https:\/\/ocorreionews.com.br\/?p=18096"},"modified":"2016-01-05T10:23:56","modified_gmt":"2016-01-05T13:23:56","slug":"abertas-as-matriculas-para-o-projeto-musica-e-arte","status":"publish","type":"post","link":"https:\/\/www.ocorreionews.com.br\/acervo-correio\/?p=18096","title":{"rendered":"Abertas as matriculas para o Projeto M\u00fasica e Arte"},"content":{"rendered":"<p>Nesta ter\u00e7a-feira, 05 de janeiro, est\u00e3o abertas as matriculas para os interessados em participar do Projeto Musica e Arte oferecido pela Secretaria de Cultura Esporte e Lazer.<\/p>\n<p>As novas matr\u00edculas ser\u00e3o ofertadas a partir de hoje, 05, e ser\u00e3o encerradas no dia 22 deste m\u00eas.<\/p>\n<p>Ainda est\u00e3o em validade as rematr\u00edculas para os alunos que desejam continuar no projeto, para estes o prazo ser\u00e1 concedido at\u00e9 o dia, 11, do corrente m\u00eas.<\/p>\n<p>Os cursos oferecidos s\u00e3o:<\/p>\n<p>&#8211; Ukulele;<\/p>\n<p>&#8211; Viol\u00e3o;<\/p>\n<p>&#8211; Canto;<\/p>\n<p>&#8211; Teclado;<\/p>\n<p>&#8211; Violino;<\/p>\n<p>&#8211; baixo;<\/p>\n<p>&#8211; Bateria e Percuss\u00e3o;<\/p>\n<p>&#8211; Guitarra.<\/p>\n<p>Maiores informa\u00e7\u00f5es pelos telefones (67) 3562-4146 ou (67) 9959-1195.<\/p>\n<p>&nbsp;<\/p>\n<p>&nbsp;<\/p>\n<p>Assessoria<\/p>\n","protected":false},"excerpt":{"rendered":"<p>Nesta ter\u00e7a-feira, 05 de janeiro, est\u00e3o abertas as matriculas para os interessados em participar do Projeto Musica e Arte oferecido pela Secretaria de Cultura Esporte e Lazer. As novas matr\u00edculas ser\u00e3o ofertadas a partir de hoje, 05, e ser\u00e3o encerradas no dia 22 deste m\u00eas. Ainda est\u00e3o em validade as rematr\u00edculas para os alunos que [&hellip;]<\/p>\n","protected":false},"author":4,"featured_media":18097,"comment_status":"closed","ping_status":"closed","sticky":false,"template":"","format":"standard","meta":{"footnotes":""},"categories":[23],"tags":[],"class_list":["post-18096","post","type-post","status-publish","format-standard","has-post-thumbnail","hentry","category-chapadao-do-sul"],"_links":{"self":[{"href":"https:\/\/www.ocorreionews.com.br\/acervo-correio\/index.php?rest_route=\/wp\/v2\/posts\/18096","targetHints":{"allow":["GET"]}}],"collection":[{"href":"https:\/\/www.ocorreionews.com.br\/acervo-correio\/index.php?rest_route=\/wp\/v2\/posts"}],"about":[{"href":"https:\/\/www.ocorreionews.com.br\/acervo-correio\/index.php?rest_route=\/wp\/v2\/types\/post"}],"author":[{"embeddable":true,"href":"https:\/\/www.ocorreionews.com.br\/acervo-correio\/index.php?rest_route=\/wp\/v2\/users\/4"}],"replies":[{"embeddable":true,"href":"https:\/\/www.ocorreionews.com.br\/acervo-correio\/index.php?rest_route=%2Fwp%2Fv2%2Fcomments&post=18096"}],"version-history":[{"count":0,"href":"https:\/\/www.ocorreionews.com.br\/acervo-correio\/index.php?rest_route=\/wp\/v2\/posts\/18096\/revisions"}],"wp:featuredmedia":[{"embeddable":true,"href":"https:\/\/www.ocorreionews.com.br\/acervo-correio\/index.php?rest_route=\/wp\/v2\/media\/18097"}],"wp:attachment":[{"href":"https:\/\/www.ocorreionews.com.br\/acervo-correio\/index.php?rest_route=%2Fwp%2Fv2%2Fmedia&parent=18096"}],"wp:term":[{"taxonomy":"category","embeddable":true,"href":"https:\/\/www.ocorreionews.com.br\/acervo-correio\/index.php?rest_route=%2Fwp%2Fv2%2Fcategories&post=18096"},{"taxonomy":"post_tag","embeddable":true,"href":"https:\/\/www.ocorreionews.com.br\/acervo-correio\/index.php?rest_route=%2Fwp%2Fv2%2Ftags&post=18096"}],"curies":[{"name":"wp","href":"https:\/\/api.w.org\/{rel}","templated":true}]}}