{"id":18113,"date":"2016-01-05T14:01:39","date_gmt":"2016-01-05T17:01:39","guid":{"rendered":"https:\/\/ocorreionews.com.br\/?p=18113"},"modified":"2016-01-05T14:01:39","modified_gmt":"2016-01-05T17:01:39","slug":"segunda-edicao-do-projeto-feira-rica-sera-realizada-nesta-quarta-feira-no-mercado-do-produtor","status":"publish","type":"post","link":"https:\/\/www.ocorreionews.com.br\/acervo-correio\/?p=18113","title":{"rendered":"Segunda edi\u00e7\u00e3o do Projeto Feira Rica ser\u00e1 realizada nesta quarta-feira, no Mercado do Produtor"},"content":{"rendered":"<div class=\"marginBottom30px link-Internas\">\n<p>O Governo Municipal de Costa Rica \u2013 MS, por meio da Secretaria de Agricultura e Desenvolvimento realiza nesta quarta-feira 06 de janeiro de 2016, a 2\u00b0 edi\u00e7\u00e3o da Feira Rica. A primeira edi\u00e7\u00e3o foi feita no \u00faltimo 16 de dezembro de 2015.<\/p>\n<p>O prefeito de Costa Rica \u2013 MS Waldeli dos Santos Rosa afirma que &#8220;este projeto \u00e9 de suma import\u00e2ncia para reestruturar a feira e para popula\u00e7\u00e3o voltar a participar deste espa\u00e7o grande que estava sendo pouco explorado\u201d, declarou.<\/p>\n<p>O Secret\u00e1rio de Agricultura e Desenvolvimento Keyler Simey convida toda a popula\u00e7\u00e3o para prestigiar. &#8220;Venha participar a primeira edi\u00e7\u00e3o foi um sucesso e agora na segunda aguardamos um grande p\u00fablico novamente\u201d.<\/p>\n<p>O Projeto Feria Rica faz parte do plano de reestrutura\u00e7\u00e3o do Mercado do Produtor e Feira Municipal e que ter\u00e1 a participa\u00e7\u00e3o de v\u00e1rios seguimentos de empresas e comerciantes, entre eles do setor aliment\u00edcios; cerimonial; decora\u00e7\u00e3o; brinquedos infantis; equipamentos eletr\u00f4nicos; semijoias; roupas \u00edntimas; acess\u00f3rios e presentes; bijuterias; tuppweware e pl\u00e1sticos; alum\u00ednios; moda infantil e adulto; palestras profissionais e educacionais; confeitarias; esmaltarias; est\u00e9tica e beleza; cortinas e persianas; enxovais e cama, mesa e banho; academia e fitness; constru\u00e7\u00e3o civil e engenharia; croch\u00ea e bordados; artesanatos; embutidos e congelados; doces e guloseimas; paisagismos e plantas naturais; vasos decorativos; marketing e propaganda, entre outros.<\/p>\n<p><a href=\"https:\/\/ocorreionews.com.br\/wp-content\/uploads\/2016\/01\/feirarica2.jpg\" rel=\"attachment wp-att-18115\"><img loading=\"lazy\" decoding=\"async\" class=\"alignnone wp-image-18115 size-large\" src=\"https:\/\/ocorreionews.com.br\/wp-content\/uploads\/2016\/01\/feirarica2-702x1024.jpg\" alt=\"feirarica2\" width=\"702\" height=\"1024\" srcset=\"https:\/\/www.ocorreionews.com.br\/acervo-correio\/wp-content\/uploads\/2016\/01\/feirarica2-702x1024.jpg 702w, https:\/\/www.ocorreionews.com.br\/acervo-correio\/wp-content\/uploads\/2016\/01\/feirarica2-206x300.jpg 206w, https:\/\/www.ocorreionews.com.br\/acervo-correio\/wp-content\/uploads\/2016\/01\/feirarica2-768x1120.jpg 768w, https:\/\/www.ocorreionews.com.br\/acervo-correio\/wp-content\/uploads\/2016\/01\/feirarica2.jpg 800w\" sizes=\"auto, (max-width: 702px) 100vw, 702px\" \/><\/a><\/p>\n<\/div>\n<div class=\"marginBottom30px link-Internas\">ASSECOM\/PMCR<\/div>\n","protected":false},"excerpt":{"rendered":"<p>O Governo Municipal de Costa Rica \u2013 MS, por meio da Secretaria de Agricultura e Desenvolvimento realiza nesta quarta-feira 06 de janeiro de 2016, a 2\u00b0 edi\u00e7\u00e3o da Feira Rica. A primeira edi\u00e7\u00e3o foi feita no \u00faltimo 16 de dezembro de 2015. O prefeito de Costa Rica \u2013 MS Waldeli dos Santos Rosa afirma que [&hellip;]<\/p>\n","protected":false},"author":4,"featured_media":18114,"comment_status":"closed","ping_status":"closed","sticky":false,"template":"","format":"standard","meta":{"footnotes":""},"categories":[25],"tags":[],"class_list":["post-18113","post","type-post","status-publish","format-standard","has-post-thumbnail","hentry","category-costa-rica"],"_links":{"self":[{"href":"https:\/\/www.ocorreionews.com.br\/acervo-correio\/index.php?rest_route=\/wp\/v2\/posts\/18113","targetHints":{"allow":["GET"]}}],"collection":[{"href":"https:\/\/www.ocorreionews.com.br\/acervo-correio\/index.php?rest_route=\/wp\/v2\/posts"}],"about":[{"href":"https:\/\/www.ocorreionews.com.br\/acervo-correio\/index.php?rest_route=\/wp\/v2\/types\/post"}],"author":[{"embeddable":true,"href":"https:\/\/www.ocorreionews.com.br\/acervo-correio\/index.php?rest_route=\/wp\/v2\/users\/4"}],"replies":[{"embeddable":true,"href":"https:\/\/www.ocorreionews.com.br\/acervo-correio\/index.php?rest_route=%2Fwp%2Fv2%2Fcomments&post=18113"}],"version-history":[{"count":0,"href":"https:\/\/www.ocorreionews.com.br\/acervo-correio\/index.php?rest_route=\/wp\/v2\/posts\/18113\/revisions"}],"wp:featuredmedia":[{"embeddable":true,"href":"https:\/\/www.ocorreionews.com.br\/acervo-correio\/index.php?rest_route=\/wp\/v2\/media\/18114"}],"wp:attachment":[{"href":"https:\/\/www.ocorreionews.com.br\/acervo-correio\/index.php?rest_route=%2Fwp%2Fv2%2Fmedia&parent=18113"}],"wp:term":[{"taxonomy":"category","embeddable":true,"href":"https:\/\/www.ocorreionews.com.br\/acervo-correio\/index.php?rest_route=%2Fwp%2Fv2%2Fcategories&post=18113"},{"taxonomy":"post_tag","embeddable":true,"href":"https:\/\/www.ocorreionews.com.br\/acervo-correio\/index.php?rest_route=%2Fwp%2Fv2%2Ftags&post=18113"}],"curies":[{"name":"wp","href":"https:\/\/api.w.org\/{rel}","templated":true}]}}