{"id":18117,"date":"2016-01-05T14:05:14","date_gmt":"2016-01-05T17:05:14","guid":{"rendered":"https:\/\/ocorreionews.com.br\/?p=18117"},"modified":"2016-01-05T16:06:32","modified_gmt":"2016-01-05T19:06:32","slug":"vereador-averaldo-barbosa-toma-posse-como-presidente-da-camara","status":"publish","type":"post","link":"https:\/\/www.ocorreionews.com.br\/acervo-correio\/?p=18117","title":{"rendered":"Vereador Averaldo Barbosa toma posse como presidente da C\u00e2mara"},"content":{"rendered":"<div>Em sess\u00e3o extraordin\u00e1ria realizada na noite de ontem 04 de janeiro de 2016, o vereador Averaldo Barbosa da Costa e sua Mesa Diretora tomaram posse para a legislatura do ano de 2016. A sess\u00e3o ocorreu no Plen\u00e1rio das Delibera\u00e7\u00f5es vereador Simino Jorge de Oliveira na C\u00e2mara Municipal de Costa Rica \u2013 MS.<\/div>\n<div><\/div>\n<div>Em seu discurso o vereador presidente Averaldo Barbosa (PPS) agradeceu a fam\u00edlia que se fazia presente e aos nobres colegas vereadores \u201cAgrade\u00e7o a minha fam\u00edlia, a todas as institui\u00e7\u00f5es do munic\u00edpio, a sociedade e cada um dos meus colegas vereadores estarei aqui para ajudar no que se fazer necess\u00e1rio\u201d. E acrescenta \u201cMudan\u00e7as foram feitas na gest\u00e3o do colega Dr. Maia, mas a muito se fazer como uma moderniza\u00e7\u00e3o e informatiza\u00e7\u00e3o do processo legislativo estes s\u00e3o alguns dos quesitos que vamos avan\u00e7ar\u201d, declarou Averaldo.<\/div>\n<div><\/div>\n<div>Todos os vereadores presentes tiveram a oportunidade fazer o uso da palavra os quais fizeram suas perspectivas e desejaram uma boa gest\u00e3o ao presidente e a Mesa.<\/div>\n<div><\/div>\n<div>O vice-prefeito e secret\u00e1rio de governo Roberto Rodrigues no ato representando o prefeito Waldeli dos Santos Rosa enfatizou em discurso o bom relacionamento entre o Executivo e o Legislativo \u201cSempre em conjunto discutimos ideias e dialogamos para realizar projetos de interesse da popula\u00e7\u00e3o\u201d. E deixou sua mensagem de sorte ao novo presidente e a Mesa \u201cParab\u00e9ns Averaldo nesta nova empreitada desejo sorte a voc\u00ea e toda Mesa Diretora\u201d, ressaltou ele.<\/div>\n<div><\/div>\n<div>Dentro desta mesma sess\u00e3o ocorreu a elei\u00e7\u00e3o para segundo secret\u00e1rio o qual estava vago em decorr\u00eancia das mudan\u00e7as na Mesa, o \u00fanico a se manifestar interesse pelo cargo foi o vereador Jovenaldo Francisco dos Santos (PT) que teve seu nome aprovado por unanimidade de votos.<\/div>\n<div><\/div>\n<div>Assim a Mesa Diretora da legislatura 2016 ficou composta presidente Averaldo Barbosa da Costa (PPS), vice-presidente Ailton Martins Amorim (PMDB), 1\u00b0 secret\u00e1ria \u00c1urea Maria Frezarin Rosa (PSB), 2\u00b0 secret\u00e1rio Jovenaldo Francisco dos Santos (PT).<\/div>\n<div><\/div>\n<div><\/div>\n<div><\/div>\n<div><\/div>\n<div>Costa Rica em Foco &#8211; Igor Santana<\/div>\n","protected":false},"excerpt":{"rendered":"<p>Em sess\u00e3o extraordin\u00e1ria realizada na noite de ontem 04 de janeiro de 2016, o vereador Averaldo Barbosa da Costa e sua Mesa Diretora tomaram posse para a legislatura do ano de 2016. A sess\u00e3o ocorreu no Plen\u00e1rio das Delibera\u00e7\u00f5es vereador Simino Jorge de Oliveira na C\u00e2mara Municipal de Costa Rica \u2013 MS. Em seu discurso [&hellip;]<\/p>\n","protected":false},"author":4,"featured_media":18118,"comment_status":"closed","ping_status":"closed","sticky":false,"template":"","format":"standard","meta":{"footnotes":""},"categories":[25],"tags":[],"class_list":["post-18117","post","type-post","status-publish","format-standard","has-post-thumbnail","hentry","category-costa-rica"],"_links":{"self":[{"href":"https:\/\/www.ocorreionews.com.br\/acervo-correio\/index.php?rest_route=\/wp\/v2\/posts\/18117","targetHints":{"allow":["GET"]}}],"collection":[{"href":"https:\/\/www.ocorreionews.com.br\/acervo-correio\/index.php?rest_route=\/wp\/v2\/posts"}],"about":[{"href":"https:\/\/www.ocorreionews.com.br\/acervo-correio\/index.php?rest_route=\/wp\/v2\/types\/post"}],"author":[{"embeddable":true,"href":"https:\/\/www.ocorreionews.com.br\/acervo-correio\/index.php?rest_route=\/wp\/v2\/users\/4"}],"replies":[{"embeddable":true,"href":"https:\/\/www.ocorreionews.com.br\/acervo-correio\/index.php?rest_route=%2Fwp%2Fv2%2Fcomments&post=18117"}],"version-history":[{"count":0,"href":"https:\/\/www.ocorreionews.com.br\/acervo-correio\/index.php?rest_route=\/wp\/v2\/posts\/18117\/revisions"}],"wp:featuredmedia":[{"embeddable":true,"href":"https:\/\/www.ocorreionews.com.br\/acervo-correio\/index.php?rest_route=\/wp\/v2\/media\/18118"}],"wp:attachment":[{"href":"https:\/\/www.ocorreionews.com.br\/acervo-correio\/index.php?rest_route=%2Fwp%2Fv2%2Fmedia&parent=18117"}],"wp:term":[{"taxonomy":"category","embeddable":true,"href":"https:\/\/www.ocorreionews.com.br\/acervo-correio\/index.php?rest_route=%2Fwp%2Fv2%2Fcategories&post=18117"},{"taxonomy":"post_tag","embeddable":true,"href":"https:\/\/www.ocorreionews.com.br\/acervo-correio\/index.php?rest_route=%2Fwp%2Fv2%2Ftags&post=18117"}],"curies":[{"name":"wp","href":"https:\/\/api.w.org\/{rel}","templated":true}]}}