{"id":18120,"date":"2016-01-05T14:52:55","date_gmt":"2016-01-05T17:52:55","guid":{"rendered":"https:\/\/ocorreionews.com.br\/?p=18120"},"modified":"2016-01-05T15:35:30","modified_gmt":"2016-01-05T18:35:30","slug":"costa-rica-apresenta-elenco-e-comissao-tecnica-para-o-estadual-2016","status":"publish","type":"post","link":"https:\/\/www.ocorreionews.com.br\/acervo-correio\/?p=18120","title":{"rendered":"Costa Rica apresenta elenco e comiss\u00e3o t\u00e9cnica para o Estadual 2016"},"content":{"rendered":"<p>O CREC (Costa Rica Esporte Clube) apresentou na segunda-feira (4) no CT (Centro de Treinamento) o elenco e comiss\u00e3o t\u00e9cnica visando a disputa do Campeonato Sul-mato-grossense 2016.<\/p>\n<p>O t\u00e9cnico Mauro Marino comandar\u00e1 a equipe pelo segundo ano seguido. Em 2015, o treinador levou o time \u00e0s quartas de final da competi\u00e7\u00e3o, sendo eliminado pelo Naviraiense.<\/p>\n<p>O Costa Rica est\u00e1 no grupo A, ao lado de Oper\u00e1rio-MS, Comercial, Novoper\u00e1rio, Serc e Misto. A estreia est\u00e1 marcada para o dia 14 de fevereiro, em casa, contra a Serc.<\/p>\n<p><strong>ELENCO<\/strong><\/p>\n<p><strong>Goleiros:<\/strong> Ricardo Dida e Ivan<\/p>\n<p><strong>Laterais Direitos:<\/strong> Cafu e Raniel<\/p>\n<p><strong>Laterais Esquerdos:<\/strong> Guto e L\u00e9o<\/p>\n<p><strong>Zagueiros:<\/strong> Casimiro, Alex Barcelos, \u00c1lisson e Samir<\/p>\n<p><strong>Volantes:<\/strong> Baiano, Valtinho e Fabr\u00edcio<\/p>\n<p><strong>Meias:<\/strong> Celino Buiu, Dilsinho e Carlinhos<\/p>\n<p><strong>Meias Atacantes:<\/strong> Vinicius e Sadan<\/p>\n<p><strong>Atacantes:<\/strong> Michel Correa, \u00cdndio e Juvenil<\/p>\n<p><strong>COMISS\u00c3O T\u00c9CNICA<\/strong><\/p>\n<p><strong>T\u00e9cnico:<\/strong> Mauro Marino<\/p>\n<p><strong>Preparador de Goleiros:<\/strong> Betinho Freitas<\/p>\n<p><strong>Preparador F\u00edsico:<\/strong> Junior<\/p>\n<p><strong>Roupeiro:<\/strong> Dermeval<\/p>\n<p><strong>Massagista:<\/strong> F\u00e9rinha<\/p>\n","protected":false},"excerpt":{"rendered":"<p>O CREC (Costa Rica Esporte Clube) apresentou na segunda-feira (4) no CT (Centro de Treinamento) o elenco e comiss\u00e3o t\u00e9cnica visando a disputa do Campeonato Sul-mato-grossense 2016. O t\u00e9cnico Mauro Marino comandar\u00e1 a equipe pelo segundo ano seguido. Em 2015, o treinador levou o time \u00e0s quartas de final da competi\u00e7\u00e3o, sendo eliminado pelo Naviraiense. [&hellip;]<\/p>\n","protected":false},"author":4,"featured_media":18121,"comment_status":"closed","ping_status":"closed","sticky":false,"template":"","format":"standard","meta":{"footnotes":""},"categories":[25,29],"tags":[],"class_list":["post-18120","post","type-post","status-publish","format-standard","has-post-thumbnail","hentry","category-costa-rica","category-esporte"],"_links":{"self":[{"href":"https:\/\/www.ocorreionews.com.br\/acervo-correio\/index.php?rest_route=\/wp\/v2\/posts\/18120","targetHints":{"allow":["GET"]}}],"collection":[{"href":"https:\/\/www.ocorreionews.com.br\/acervo-correio\/index.php?rest_route=\/wp\/v2\/posts"}],"about":[{"href":"https:\/\/www.ocorreionews.com.br\/acervo-correio\/index.php?rest_route=\/wp\/v2\/types\/post"}],"author":[{"embeddable":true,"href":"https:\/\/www.ocorreionews.com.br\/acervo-correio\/index.php?rest_route=\/wp\/v2\/users\/4"}],"replies":[{"embeddable":true,"href":"https:\/\/www.ocorreionews.com.br\/acervo-correio\/index.php?rest_route=%2Fwp%2Fv2%2Fcomments&post=18120"}],"version-history":[{"count":0,"href":"https:\/\/www.ocorreionews.com.br\/acervo-correio\/index.php?rest_route=\/wp\/v2\/posts\/18120\/revisions"}],"wp:featuredmedia":[{"embeddable":true,"href":"https:\/\/www.ocorreionews.com.br\/acervo-correio\/index.php?rest_route=\/wp\/v2\/media\/18121"}],"wp:attachment":[{"href":"https:\/\/www.ocorreionews.com.br\/acervo-correio\/index.php?rest_route=%2Fwp%2Fv2%2Fmedia&parent=18120"}],"wp:term":[{"taxonomy":"category","embeddable":true,"href":"https:\/\/www.ocorreionews.com.br\/acervo-correio\/index.php?rest_route=%2Fwp%2Fv2%2Fcategories&post=18120"},{"taxonomy":"post_tag","embeddable":true,"href":"https:\/\/www.ocorreionews.com.br\/acervo-correio\/index.php?rest_route=%2Fwp%2Fv2%2Ftags&post=18120"}],"curies":[{"name":"wp","href":"https:\/\/api.w.org\/{rel}","templated":true}]}}