{"id":18124,"date":"2016-01-05T15:09:03","date_gmt":"2016-01-05T18:09:03","guid":{"rendered":"https:\/\/ocorreionews.com.br\/?p=18124"},"modified":"2016-01-05T15:09:03","modified_gmt":"2016-01-05T18:09:03","slug":"secretaria-de-assistencia-social-informa-que-estao-abertas-as-inscricoes-para-o-programa-de-estagio-do-iel","status":"publish","type":"post","link":"https:\/\/www.ocorreionews.com.br\/acervo-correio\/?p=18124","title":{"rendered":"Secretaria de Assist\u00eancia social informa que est\u00e3o abertas as inscri\u00e7\u00f5es para o programa de est\u00e1gio do IEL"},"content":{"rendered":"<p>Est\u00e3o abertas as inscri\u00e7\u00f5es para os jovens interessados em participar do programa de est\u00e1gio do Instituto Euvaldo Lodi (IEL) em parceria com a Prefeitura Municipal.<\/p>\n<p>Podem participar jovens com idade m\u00ednima de 16 anos e que estejam cursando o ensino m\u00e9dio e universit\u00e1rios dos cursos de Administra\u00e7\u00e3o, Ci\u00eancias Cont\u00e1beis, Pedagogia, Servi\u00e7o Social e Educa\u00e7\u00e3o F\u00edsica.<\/p>\n<p>O processo de sele\u00e7\u00e3o ocorrer\u00e1 entre os meses de janeiro e fevereiro.<\/p>\n<p>Interessados podem retirar o formul\u00e1rio para as inscri\u00e7\u00f5es na Secret\u00e1ria de Assist\u00eancia Social, localizada na Rua Sete n\u00ba 331 telefone (67) 3562-2828.<\/p>\n<p>&nbsp;<\/p>\n<p>&nbsp;<\/p>\n<p>Assessoria<\/p>\n","protected":false},"excerpt":{"rendered":"<p>Est\u00e3o abertas as inscri\u00e7\u00f5es para os jovens interessados em participar do programa de est\u00e1gio do Instituto Euvaldo Lodi (IEL) em parceria com a Prefeitura Municipal. Podem participar jovens com idade m\u00ednima de 16 anos e que estejam cursando o ensino m\u00e9dio e universit\u00e1rios dos cursos de Administra\u00e7\u00e3o, Ci\u00eancias Cont\u00e1beis, Pedagogia, Servi\u00e7o Social e Educa\u00e7\u00e3o F\u00edsica. [&hellip;]<\/p>\n","protected":false},"author":4,"featured_media":18125,"comment_status":"closed","ping_status":"closed","sticky":false,"template":"","format":"standard","meta":{"footnotes":""},"categories":[23],"tags":[],"class_list":["post-18124","post","type-post","status-publish","format-standard","has-post-thumbnail","hentry","category-chapadao-do-sul"],"_links":{"self":[{"href":"https:\/\/www.ocorreionews.com.br\/acervo-correio\/index.php?rest_route=\/wp\/v2\/posts\/18124","targetHints":{"allow":["GET"]}}],"collection":[{"href":"https:\/\/www.ocorreionews.com.br\/acervo-correio\/index.php?rest_route=\/wp\/v2\/posts"}],"about":[{"href":"https:\/\/www.ocorreionews.com.br\/acervo-correio\/index.php?rest_route=\/wp\/v2\/types\/post"}],"author":[{"embeddable":true,"href":"https:\/\/www.ocorreionews.com.br\/acervo-correio\/index.php?rest_route=\/wp\/v2\/users\/4"}],"replies":[{"embeddable":true,"href":"https:\/\/www.ocorreionews.com.br\/acervo-correio\/index.php?rest_route=%2Fwp%2Fv2%2Fcomments&post=18124"}],"version-history":[{"count":0,"href":"https:\/\/www.ocorreionews.com.br\/acervo-correio\/index.php?rest_route=\/wp\/v2\/posts\/18124\/revisions"}],"wp:featuredmedia":[{"embeddable":true,"href":"https:\/\/www.ocorreionews.com.br\/acervo-correio\/index.php?rest_route=\/wp\/v2\/media\/18125"}],"wp:attachment":[{"href":"https:\/\/www.ocorreionews.com.br\/acervo-correio\/index.php?rest_route=%2Fwp%2Fv2%2Fmedia&parent=18124"}],"wp:term":[{"taxonomy":"category","embeddable":true,"href":"https:\/\/www.ocorreionews.com.br\/acervo-correio\/index.php?rest_route=%2Fwp%2Fv2%2Fcategories&post=18124"},{"taxonomy":"post_tag","embeddable":true,"href":"https:\/\/www.ocorreionews.com.br\/acervo-correio\/index.php?rest_route=%2Fwp%2Fv2%2Ftags&post=18124"}],"curies":[{"name":"wp","href":"https:\/\/api.w.org\/{rel}","templated":true}]}}