{"id":18136,"date":"2016-01-06T08:03:28","date_gmt":"2016-01-06T11:03:28","guid":{"rendered":"https:\/\/ocorreionews.com.br\/?p=18136"},"modified":"2016-01-06T08:03:28","modified_gmt":"2016-01-06T11:03:28","slug":"funcionaria-morre-depois-de-ser-esfaqueada-dentro-do-hr","status":"publish","type":"post","link":"https:\/\/www.ocorreionews.com.br\/acervo-correio\/?p=18136","title":{"rendered":"Funcion\u00e1ria morre depois de ser esfaqueada dentro do HR"},"content":{"rendered":"<p>Vilma Alves Lima de Lima, 57\u00a0anos, funcion\u00e1ria do setor administrativo, da \u00e1rea de interna\u00e7\u00e3o do Hospital Regional, morreu depois de ser esfaqueada dentro da unidade de sa\u00fade, por volta das 17h desta ter\u00e7a-feira (5), em Campo Grande.<\/p>\n<p>De acordo com a assessoria do\u00a0Hospital Regional, o esposo da v\u00edtima chegou ao local por volta das 16h30, hor\u00e1rio em que ela sai do servi\u00e7o, e pediu para cham\u00e1-la,\u00a0dizendo que queria conversar com a esposa\u00a0na entrada principal.<\/p>\n<p>Quando a v\u00edtima saiu, o homem a abordou e\u00a0desferiu duas facadas, que atingiram a v\u00edtima na regi\u00e3o do abd\u00f4men e bra\u00e7o, fugindo\u00a0em seguida em um carro de passeio.<\/p>\n<p>A funcion\u00e1ria foi socorrida por m\u00e9dicos do pr\u00f3prio Hospital Regional e encaminhada ao Centro de Terapia Intensiva (CTI) do pr\u00f3prio hospital, onde passaria por procedimento cir\u00fargico, \u00a0mas n\u00e3o resistiu aos ferimentos e morreu.<\/p>\n<p>A informa\u00e7\u00e3o foi confirmada pelo delegado Camilo Kettenhuber Cavalheiro, plantonista da Delegacia de Pronto Atendimento Comunit\u00e1rio (Depac) da Piratininga.<\/p>\n<p>Pacientes que aguardam no sagu\u00e3o principal do hospital testemunharam o crime e anotaram a placa do carro do suspeito, que foi repassada para a Pol\u00edcia Militar (PM). Os militares fazem rondas na regi\u00e3o em busca do rapaz.<\/p>\n<p>Informa\u00e7\u00f5es extra-oficiais s\u00e3o de que a mulher e o suspeito estavam em processo de separa\u00e7\u00e3o. Uma equipe da per\u00edcia da Pol\u00edcia Civil est\u00e1 no hospital. O diretor administrativo do HR, J\u00falio C\u00e9sar Komiyama, acompanha e auxilia os trabalhos.<\/p>\n<p><strong>POSS\u00cdVEL SUSPEITO<\/strong><\/p>\n<p>Durante a tarde, um homem identificado como Wilson de Lima, tentou se matar jogando o carro Celta na frente de um caminh\u00e3o, na BR-262, sa\u00edda para Sidrol\u00e2ndia. Depois do acidente, o homem esfaqueou o pr\u00f3prio peito e foi socorrido para a Santa Casa de Campo Grande.<\/p>\n<p>H\u00e1 a suspeita que o homem seria o esposo que esfaqueou e matou a v\u00edtima. De acordo com a PM, o modelo e cor do carro s\u00e3o os mesmos, mas n\u00e3o \u00e9 poss\u00edvel afirmar que se trate da mesma pessoa. Policiais buscam testemunhas e uma equipe foi encaminhada a Santa Casa para buscar informa\u00e7\u00f5es sobre o caso.<\/p>\n<p>&nbsp;<\/p>\n<p>&nbsp;<\/p>\n<p>Correio do Estado<\/p>\n","protected":false},"excerpt":{"rendered":"<p>Vilma Alves Lima de Lima, 57\u00a0anos, funcion\u00e1ria do setor administrativo, da \u00e1rea de interna\u00e7\u00e3o do Hospital Regional, morreu depois de ser esfaqueada dentro da unidade de sa\u00fade, por volta das 17h desta ter\u00e7a-feira (5), em Campo Grande. De acordo com a assessoria do\u00a0Hospital Regional, o esposo da v\u00edtima chegou ao local por volta das 16h30, [&hellip;]<\/p>\n","protected":false},"author":4,"featured_media":18137,"comment_status":"closed","ping_status":"closed","sticky":false,"template":"","format":"standard","meta":{"footnotes":""},"categories":[38],"tags":[],"class_list":["post-18136","post","type-post","status-publish","format-standard","has-post-thumbnail","hentry","category-policia"],"_links":{"self":[{"href":"https:\/\/www.ocorreionews.com.br\/acervo-correio\/index.php?rest_route=\/wp\/v2\/posts\/18136","targetHints":{"allow":["GET"]}}],"collection":[{"href":"https:\/\/www.ocorreionews.com.br\/acervo-correio\/index.php?rest_route=\/wp\/v2\/posts"}],"about":[{"href":"https:\/\/www.ocorreionews.com.br\/acervo-correio\/index.php?rest_route=\/wp\/v2\/types\/post"}],"author":[{"embeddable":true,"href":"https:\/\/www.ocorreionews.com.br\/acervo-correio\/index.php?rest_route=\/wp\/v2\/users\/4"}],"replies":[{"embeddable":true,"href":"https:\/\/www.ocorreionews.com.br\/acervo-correio\/index.php?rest_route=%2Fwp%2Fv2%2Fcomments&post=18136"}],"version-history":[{"count":0,"href":"https:\/\/www.ocorreionews.com.br\/acervo-correio\/index.php?rest_route=\/wp\/v2\/posts\/18136\/revisions"}],"wp:featuredmedia":[{"embeddable":true,"href":"https:\/\/www.ocorreionews.com.br\/acervo-correio\/index.php?rest_route=\/wp\/v2\/media\/18137"}],"wp:attachment":[{"href":"https:\/\/www.ocorreionews.com.br\/acervo-correio\/index.php?rest_route=%2Fwp%2Fv2%2Fmedia&parent=18136"}],"wp:term":[{"taxonomy":"category","embeddable":true,"href":"https:\/\/www.ocorreionews.com.br\/acervo-correio\/index.php?rest_route=%2Fwp%2Fv2%2Fcategories&post=18136"},{"taxonomy":"post_tag","embeddable":true,"href":"https:\/\/www.ocorreionews.com.br\/acervo-correio\/index.php?rest_route=%2Fwp%2Fv2%2Ftags&post=18136"}],"curies":[{"name":"wp","href":"https:\/\/api.w.org\/{rel}","templated":true}]}}