{"id":181809,"date":"2021-08-03T07:17:13","date_gmt":"2021-08-03T11:17:13","guid":{"rendered":"https:\/\/www.ocorreionews.com.br\/acervo-correio\/?p=181809"},"modified":"2021-08-03T07:17:34","modified_gmt":"2021-08-03T11:17:34","slug":"soja-deve-ter-mais-um-ano-de-precos-altos","status":"publish","type":"post","link":"https:\/\/www.ocorreionews.com.br\/acervo-correio\/?p=181809","title":{"rendered":"Soja deve ter mais um ano de pre\u00e7os altos"},"content":{"rendered":"<blockquote><p><strong><span class=\"agk-cont-destaque3 noticia-linha-apoio bottommargin\">Os pre\u00e7os est\u00e3o muito altos em rela\u00e7\u00e3o \u00e0 s\u00e9rie hist\u00f3ria e tendem a voltar para seu leito natural<\/span><\/strong><\/p><\/blockquote>\n<div class=\"noticia-conteudo agk-cont-destaque3\">\n<div class=\"noticia-corpo-conteudo\">\n<p>O fator que pesa no mercado neste momento \u00e9 clima nos Estados Unidos, aponta a Consultoria TF Agroecon\u00f4mica. De acordo com a equipe de analistas, quando esse fator \u201cacabar, entra o plantio brasileiro, mantendo a aten\u00e7\u00e3o sobre o clima. Com isto, fica muito dif\u00edcil prever a tend\u00eancia dos pre\u00e7os. O USDA WASDE (relat\u00f3rio de oferta e demanda) de agosto ser\u00e1 fundamental\u201d.<\/p>\n<p>&nbsp;<\/p>\n<p>\u201cOs pre\u00e7os est\u00e3o muito altos em rela\u00e7\u00e3o \u00e0 s\u00e9rie hist\u00f3ria e tendem a voltar para seu leito natural a m\u00e9dio e longo prazos, mas s\u00f3 depois que os estoques americanos retornarem para o seu n\u00edvel hist\u00f3rico entre 10-15 milh\u00f5es de toneladas, o que n\u00e3o deve acontecer na safra 2021\/22, de modo que pode-se esperar mais um ano de pre\u00e7os elevados em Chicago\u201d, aponta a TF.<\/p>\n<p>&nbsp;<\/p>\n<p>Os analistas de mercado salientam que, por outro lado, a demanda chinesa est\u00e1 enfraquecida: \u201cEstes dois fatores se completam e apontam mais para baixo do que para cima. O d\u00f3lar brasileiro est\u00e1 projetado pelo Boletim Focus para n\u00e3o mais do que R$ 5,10 em dezembro\u201d.<\/p>\n<p>&nbsp;<\/p>\n<p>A TF Agroecon\u00f4mica aponta ainda algumas d\u00favidas, como o \u201calcance das isen\u00e7\u00f5es e efeito na produ\u00e7\u00e3o de biodiesel e no balan\u00e7o da soja dos Estados Unidos\u201d. \u201cO USDA continuar\u00e1 fazendo ajustes nos estoques em 20\/21?As estimativas de demanda para a safra 21\/22 se manter\u00e3o? O ritmo atual das exporta\u00e7\u00f5es est\u00e1 desacelerando\u201d, ponderam os especialistas.<\/p>\n<p>&nbsp;<\/p>\n<p><strong>Fatores de alta<\/strong><\/p>\n<p><em>*A produ\u00e7\u00e3o da nova safra nos Estados Unidos permaneceria inalterada VS junho, assim como os estoques. Assim, a Oferta e o Consumo permaneceriam ajustados para a safra 2021\/22 em 3,5%.<\/em><\/p>\n<p><em>*Fundos aumentam 1,53 milh\u00f5es de toneladas sua posi\u00e7\u00e3o comprada l\u00edquida, embora tenham vendido parte disto nesta sexta-feira.<\/em><\/p>\n<p><em>*O clima quente no solo norte-americano nesta semana pode continuar afetando as condi\u00e7\u00f5es da safra e n\u00e3o atingir os rendimentos projetados, enquanto a condi\u00e7\u00e3o se situa em 60%, abaixo do ano anterior e da m\u00e9dia.<\/em><\/p>\n<p><strong>Fatores de baixa<\/strong><\/p>\n<p><em>*Preocupa\u00e7\u00f5es com a demanda chinesa devido \u00e0 queda nas margens da produ\u00e7\u00e3o de su\u00ednos que pode reduzir o uso de farelo de soja, enquanto aumenta o trigo para ra\u00e7\u00e3o animal.<\/em><\/p>\n<p><em>*Vendas semanais fracas nos EUA. J\u00e1 foi vendido 17,5% da campanha 21\/22, atingindo os n\u00edveis de 20\/21 depois de ter estado bem adiantado nas semanas anteriores.<\/em><\/p>\n<p><em>*As proje\u00e7\u00f5es apontariam algumas chuvas nas \u00e1reas produtoras dos Estados Unidos para o in\u00edcio de agosto.<\/em><\/p>\n<p><small>or: <strong class=\"fn\"><a class=\"text-uppercase\" target=\"_blank\" rel=\"noopener\">Agrolink<\/a><\/strong> &#8211;<i>Leonardo Gottems<\/i> <\/small><\/p>\n<\/div>\n<\/div>\n","protected":false},"excerpt":{"rendered":"<p>Os pre\u00e7os est\u00e3o muito altos em rela\u00e7\u00e3o \u00e0 s\u00e9rie hist\u00f3ria e tendem a voltar para seu leito natural O fator que pesa no mercado neste momento \u00e9 clima nos Estados Unidos, aponta a Consultoria TF Agroecon\u00f4mica. De acordo com a equipe de analistas, quando esse fator \u201cacabar, entra o plantio brasileiro, mantendo a aten\u00e7\u00e3o sobre [&hellip;]<\/p>\n","protected":false},"author":4,"featured_media":155860,"comment_status":"closed","ping_status":"closed","sticky":false,"template":"","format":"standard","meta":{"footnotes":""},"categories":[17],"tags":[],"class_list":["post-181809","post","type-post","status-publish","format-standard","has-post-thumbnail","hentry","category-agropecuaria"],"_links":{"self":[{"href":"https:\/\/www.ocorreionews.com.br\/acervo-correio\/index.php?rest_route=\/wp\/v2\/posts\/181809","targetHints":{"allow":["GET"]}}],"collection":[{"href":"https:\/\/www.ocorreionews.com.br\/acervo-correio\/index.php?rest_route=\/wp\/v2\/posts"}],"about":[{"href":"https:\/\/www.ocorreionews.com.br\/acervo-correio\/index.php?rest_route=\/wp\/v2\/types\/post"}],"author":[{"embeddable":true,"href":"https:\/\/www.ocorreionews.com.br\/acervo-correio\/index.php?rest_route=\/wp\/v2\/users\/4"}],"replies":[{"embeddable":true,"href":"https:\/\/www.ocorreionews.com.br\/acervo-correio\/index.php?rest_route=%2Fwp%2Fv2%2Fcomments&post=181809"}],"version-history":[{"count":1,"href":"https:\/\/www.ocorreionews.com.br\/acervo-correio\/index.php?rest_route=\/wp\/v2\/posts\/181809\/revisions"}],"predecessor-version":[{"id":181811,"href":"https:\/\/www.ocorreionews.com.br\/acervo-correio\/index.php?rest_route=\/wp\/v2\/posts\/181809\/revisions\/181811"}],"wp:featuredmedia":[{"embeddable":true,"href":"https:\/\/www.ocorreionews.com.br\/acervo-correio\/index.php?rest_route=\/wp\/v2\/media\/155860"}],"wp:attachment":[{"href":"https:\/\/www.ocorreionews.com.br\/acervo-correio\/index.php?rest_route=%2Fwp%2Fv2%2Fmedia&parent=181809"}],"wp:term":[{"taxonomy":"category","embeddable":true,"href":"https:\/\/www.ocorreionews.com.br\/acervo-correio\/index.php?rest_route=%2Fwp%2Fv2%2Fcategories&post=181809"},{"taxonomy":"post_tag","embeddable":true,"href":"https:\/\/www.ocorreionews.com.br\/acervo-correio\/index.php?rest_route=%2Fwp%2Fv2%2Ftags&post=181809"}],"curies":[{"name":"wp","href":"https:\/\/api.w.org\/{rel}","templated":true}]}}