{"id":18195,"date":"2016-01-07T09:10:58","date_gmt":"2016-01-07T12:10:58","guid":{"rendered":"https:\/\/ocorreionews.com.br\/?p=18195"},"modified":"2016-01-07T09:15:59","modified_gmt":"2016-01-07T12:15:59","slug":"estabelecimento-penal-masculino-de-coxim-recebe-ampliacao-de-110-vagas","status":"publish","type":"post","link":"https:\/\/www.ocorreionews.com.br\/acervo-correio\/?p=18195","title":{"rendered":"Estabelecimento Penal Masculino de Coxim recebe amplia\u00e7\u00e3o de 110 vagas"},"content":{"rendered":"<p>O Estabelecimento Penal Masculino de Coxim (EPMC) est\u00e1 passando por obras e ter\u00e1 sua capacidade aumentada em 110 vagas. No total, ser\u00e3o constru\u00eddas 13 celas, al\u00e9m da amplia\u00e7\u00e3o do sol\u00e1rio j\u00e1 existente e a edifica\u00e7\u00e3o de outro espa\u00e7o para o banho de sol dos custodiados. Com isso, a unidade prisional ter\u00e1 a sua capacidade elevada em quase cinco vezes mais, se comparada a quantidade atual que \u00e9 de 24 vagas.<\/p>\n<p>Realizada pelo Governo do Estado, por meio da Secretaria de Justi\u00e7a e Seguran\u00e7a P\u00fablica (Sejusp) e da Ag\u00eancia Estadual de Administra\u00e7\u00e3o do Sistema Penitenci\u00e1rio (Agepen), a obra conta com o apoio do Conselho da Comunidade de Coxim, com investimentos or\u00e7ados em R$ 450 mil.<\/p>\n<p><a href=\"http:\/\/www.agepen.ms.gov.br\/wp-content\/uploads\/sites\/58\/2016\/01\/presos-trabalham-na-obra-do-pres%C3%ADdio-de-Coxim.jpg\"><img loading=\"lazy\" decoding=\"async\" class=\"alignleft size-full wp-image-7773\" src=\"http:\/\/www.agepen.ms.gov.br\/wp-content\/uploads\/sites\/58\/2016\/01\/presos-trabalham-na-obra-do-pres%C3%ADdio-de-Coxim.jpg\" alt=\"presos trabalham na obra do  pres\u00eddio de Coxim\" width=\"3264\" height=\"1836\" \/><\/a><\/p>\n<p>\u201cA amplia\u00e7\u00e3o do estabelecimento penal de Coxim \u00e9 uma das muitas obras que temos buscado executar no sentido de gerar mais vagas no sistema prisional do Estado, possibilitando tamb\u00e9m melhoria no tratamento penal oferecido\u201d, destaca o diretor-presidente da Agepen, Ailton Stropa Garcia.<\/p>\n<p>Conforme Stropa, tamb\u00e9m est\u00e3o sendo constru\u00eddos tr\u00eas pres\u00eddios de regime fechado em Campo Grande, somando mais 1613 vagas, e sendo ampliado o pres\u00eddio masculino de Ponta Por\u00e3 em 120, al\u00e9m de diversas outras obras menores. \u201cRecentemente inauguramos mais 32 vagas no pavilh\u00e3o de sa\u00fade da M\u00e1xima, agora estamos com obra tamb\u00e9m no Instituto Penal de Campo Grande e no feminino de Rio Brilhante, entre outras\u201d, exemplifica.<\/p>\n<p>No pres\u00eddio de Coxim, os trabalhos tiveram in\u00edcio em outubro com a retirada de grande massa de terra e rocha de arenito, terraplanagem e nivelamento, segundo o diretor da unidade penal, Ed\u00edlson Ferreira. Tamb\u00e9m foi constru\u00eddo o muro de arrimo, feita a funda\u00e7\u00e3o de brocas e sapatas, e a arma\u00e7\u00e3o de ferragens. A constru\u00e7\u00e3o agora encontra-se na fase p\u00f3s concretagem da funda\u00e7\u00e3o e baldrame, iniciando-se o acento de tijolos. \u201cAinda n\u00e3o temos uma previs\u00e3o de conclus\u00e3o haja vista as muitas ocorr\u00eancias de chuvas na regi\u00e3o\u201d, informa o dirigente.<\/p>\n<p><a href=\"http:\/\/www.agepen.ms.gov.br\/wp-content\/uploads\/sites\/58\/2016\/01\/terraplanagem-obra-pres%C3%ADdio-de-Coxim.jpg\"><img loading=\"lazy\" decoding=\"async\" class=\"alignleft size-full wp-image-7774\" src=\"http:\/\/www.agepen.ms.gov.br\/wp-content\/uploads\/sites\/58\/2016\/01\/terraplanagem-obra-pres%C3%ADdio-de-Coxim.jpg\" alt=\"terraplanagem obra pres\u00eddio de Coxim\" width=\"3264\" height=\"1836\" \/><\/a><\/p>\n<p>A m\u00e3o de obra utilizada na constru\u00e7\u00e3o \u00e9 de reeducandos do pr\u00f3prio pres\u00eddio. No total, sete presos est\u00e3o trabalhando nos servi\u00e7os de amplia\u00e7\u00e3o, sendo cinco deles do regime fechado. Pelo trabalho, eles recebem remi\u00e7\u00e3o de um dia na pena a cada tr\u00eas de servi\u00e7os prestados, conforme determina a Lei de Execu\u00e7\u00e3o Penal. Os trabalhos s\u00e3o acompanhados por profissional especializado e por um servidor penitenci\u00e1rio, que cuida da seguran\u00e7a e disciplina dos internos que atuam na obra, al\u00e9m de serem monitorados diariamente pelo diretor da unidade prisional.<\/p>\n<p>&nbsp;<\/p>\n<p>&nbsp;<\/p>\n<p>&nbsp;<\/p>\n<p>Noticias.MS<\/p>\n","protected":false},"excerpt":{"rendered":"<p>O Estabelecimento Penal Masculino de Coxim (EPMC) est\u00e1 passando por obras e ter\u00e1 sua capacidade aumentada em 110 vagas. No total, ser\u00e3o constru\u00eddas 13 celas, al\u00e9m da amplia\u00e7\u00e3o do sol\u00e1rio j\u00e1 existente e a edifica\u00e7\u00e3o de outro espa\u00e7o para o banho de sol dos custodiados. Com isso, a unidade prisional ter\u00e1 a sua capacidade elevada [&hellip;]<\/p>\n","protected":false},"author":4,"featured_media":18196,"comment_status":"closed","ping_status":"closed","sticky":false,"template":"","format":"standard","meta":{"footnotes":""},"categories":[38],"tags":[],"class_list":["post-18195","post","type-post","status-publish","format-standard","has-post-thumbnail","hentry","category-policia"],"_links":{"self":[{"href":"https:\/\/www.ocorreionews.com.br\/acervo-correio\/index.php?rest_route=\/wp\/v2\/posts\/18195","targetHints":{"allow":["GET"]}}],"collection":[{"href":"https:\/\/www.ocorreionews.com.br\/acervo-correio\/index.php?rest_route=\/wp\/v2\/posts"}],"about":[{"href":"https:\/\/www.ocorreionews.com.br\/acervo-correio\/index.php?rest_route=\/wp\/v2\/types\/post"}],"author":[{"embeddable":true,"href":"https:\/\/www.ocorreionews.com.br\/acervo-correio\/index.php?rest_route=\/wp\/v2\/users\/4"}],"replies":[{"embeddable":true,"href":"https:\/\/www.ocorreionews.com.br\/acervo-correio\/index.php?rest_route=%2Fwp%2Fv2%2Fcomments&post=18195"}],"version-history":[{"count":0,"href":"https:\/\/www.ocorreionews.com.br\/acervo-correio\/index.php?rest_route=\/wp\/v2\/posts\/18195\/revisions"}],"wp:featuredmedia":[{"embeddable":true,"href":"https:\/\/www.ocorreionews.com.br\/acervo-correio\/index.php?rest_route=\/wp\/v2\/media\/18196"}],"wp:attachment":[{"href":"https:\/\/www.ocorreionews.com.br\/acervo-correio\/index.php?rest_route=%2Fwp%2Fv2%2Fmedia&parent=18195"}],"wp:term":[{"taxonomy":"category","embeddable":true,"href":"https:\/\/www.ocorreionews.com.br\/acervo-correio\/index.php?rest_route=%2Fwp%2Fv2%2Fcategories&post=18195"},{"taxonomy":"post_tag","embeddable":true,"href":"https:\/\/www.ocorreionews.com.br\/acervo-correio\/index.php?rest_route=%2Fwp%2Fv2%2Ftags&post=18195"}],"curies":[{"name":"wp","href":"https:\/\/api.w.org\/{rel}","templated":true}]}}