{"id":18205,"date":"2016-01-07T09:36:53","date_gmt":"2016-01-07T12:36:53","guid":{"rendered":"https:\/\/ocorreionews.com.br\/?p=18205"},"modified":"2016-01-07T09:36:53","modified_gmt":"2016-01-07T12:36:53","slug":"camapua-acidente-envolve-viatura-da-policia-civil","status":"publish","type":"post","link":"https:\/\/www.ocorreionews.com.br\/acervo-correio\/?p=18205","title":{"rendered":"CAMAPU\u00c3: acidente envolve viatura da Pol\u00edcia Civil"},"content":{"rendered":"<div id=\"HOTWordsTxt\" class=\"hotwords\">\n<p>Um violento acidente no centro de Camapu\u00e3, por volta da 9 horas, na esquina da rua Cuiab\u00e1 com a rua C\u00e2ndido Severino, envolveu um ve\u00edculo Gol, dirigido por Leandro de Oliveira e uma viatura da Pol\u00edcia Civil de Camapu\u00e3.<\/p>\n<p>Por sorte s\u00f3 ocorreram danos materiais, sendo que Leandro reclamava de dores no bra\u00e7o, e saiu juntamente com o policial civil que dirigia a viatura.<br \/>\nSegundo informa\u00e7\u00f5es, a viatura subia pela rua Cuiab\u00e1 e invadiu a preferencial, que \u00e9 a C\u00e2ndido Severino, atingindo o ve\u00edculo Gol, que descontrolado foi parar na cal\u00e7ada, em frente a sede do <strong>site Camapu\u00e3 News.<\/strong><\/p>\n<p>Ambos os ve\u00edculos tiveram a frente parcialmente destru\u00edda.<\/p><\/div>\n<div class=\"hotwords\"><a href=\"https:\/\/ocorreionews.com.br\/wp-content\/uploads\/2016\/01\/fotom_29021.jpg\" rel=\"attachment wp-att-18206\"><img loading=\"lazy\" decoding=\"async\" class=\"alignnone size-medium wp-image-18206\" src=\"https:\/\/ocorreionews.com.br\/wp-content\/uploads\/2016\/01\/fotom_29021-300x225.jpg\" alt=\"fotom_29021\" width=\"300\" height=\"225\" srcset=\"https:\/\/www.ocorreionews.com.br\/acervo-correio\/wp-content\/uploads\/2016\/01\/fotom_29021-300x225.jpg 300w, https:\/\/www.ocorreionews.com.br\/acervo-correio\/wp-content\/uploads\/2016\/01\/fotom_29021-768x576.jpg 768w, https:\/\/www.ocorreionews.com.br\/acervo-correio\/wp-content\/uploads\/2016\/01\/fotom_29021-100x75.jpg 100w, https:\/\/www.ocorreionews.com.br\/acervo-correio\/wp-content\/uploads\/2016\/01\/fotom_29021.jpg 800w\" sizes=\"auto, (max-width: 300px) 100vw, 300px\" \/><\/a> <a href=\"https:\/\/ocorreionews.com.br\/wp-content\/uploads\/2016\/01\/fotom_29029.jpg\" rel=\"attachment wp-att-18207\"><img loading=\"lazy\" decoding=\"async\" class=\"alignnone size-medium wp-image-18207\" src=\"https:\/\/ocorreionews.com.br\/wp-content\/uploads\/2016\/01\/fotom_29029-300x225.jpg\" alt=\"fotom_29029\" width=\"300\" height=\"225\" srcset=\"https:\/\/www.ocorreionews.com.br\/acervo-correio\/wp-content\/uploads\/2016\/01\/fotom_29029-300x225.jpg 300w, https:\/\/www.ocorreionews.com.br\/acervo-correio\/wp-content\/uploads\/2016\/01\/fotom_29029-768x576.jpg 768w, https:\/\/www.ocorreionews.com.br\/acervo-correio\/wp-content\/uploads\/2016\/01\/fotom_29029-100x75.jpg 100w, https:\/\/www.ocorreionews.com.br\/acervo-correio\/wp-content\/uploads\/2016\/01\/fotom_29029.jpg 800w\" sizes=\"auto, (max-width: 300px) 100vw, 300px\" \/><\/a><br \/>\n<strong>Fotos: Etevaldo Vieira\/Camapu\u00e3 News<\/strong><\/p>\n<\/div>\n<p>&nbsp;<\/p>\n","protected":false},"excerpt":{"rendered":"<p>Um violento acidente no centro de Camapu\u00e3, por volta da 9 horas, na esquina da rua Cuiab\u00e1 com a rua C\u00e2ndido Severino, envolveu um ve\u00edculo Gol, dirigido por Leandro de Oliveira e uma viatura da Pol\u00edcia Civil de Camapu\u00e3. Por sorte s\u00f3 ocorreram danos materiais, sendo que Leandro reclamava de dores no bra\u00e7o, e saiu [&hellip;]<\/p>\n","protected":false},"author":4,"featured_media":18208,"comment_status":"closed","ping_status":"closed","sticky":false,"template":"","format":"standard","meta":{"footnotes":""},"categories":[38],"tags":[],"class_list":["post-18205","post","type-post","status-publish","format-standard","has-post-thumbnail","hentry","category-policia"],"_links":{"self":[{"href":"https:\/\/www.ocorreionews.com.br\/acervo-correio\/index.php?rest_route=\/wp\/v2\/posts\/18205","targetHints":{"allow":["GET"]}}],"collection":[{"href":"https:\/\/www.ocorreionews.com.br\/acervo-correio\/index.php?rest_route=\/wp\/v2\/posts"}],"about":[{"href":"https:\/\/www.ocorreionews.com.br\/acervo-correio\/index.php?rest_route=\/wp\/v2\/types\/post"}],"author":[{"embeddable":true,"href":"https:\/\/www.ocorreionews.com.br\/acervo-correio\/index.php?rest_route=\/wp\/v2\/users\/4"}],"replies":[{"embeddable":true,"href":"https:\/\/www.ocorreionews.com.br\/acervo-correio\/index.php?rest_route=%2Fwp%2Fv2%2Fcomments&post=18205"}],"version-history":[{"count":0,"href":"https:\/\/www.ocorreionews.com.br\/acervo-correio\/index.php?rest_route=\/wp\/v2\/posts\/18205\/revisions"}],"wp:featuredmedia":[{"embeddable":true,"href":"https:\/\/www.ocorreionews.com.br\/acervo-correio\/index.php?rest_route=\/wp\/v2\/media\/18208"}],"wp:attachment":[{"href":"https:\/\/www.ocorreionews.com.br\/acervo-correio\/index.php?rest_route=%2Fwp%2Fv2%2Fmedia&parent=18205"}],"wp:term":[{"taxonomy":"category","embeddable":true,"href":"https:\/\/www.ocorreionews.com.br\/acervo-correio\/index.php?rest_route=%2Fwp%2Fv2%2Fcategories&post=18205"},{"taxonomy":"post_tag","embeddable":true,"href":"https:\/\/www.ocorreionews.com.br\/acervo-correio\/index.php?rest_route=%2Fwp%2Fv2%2Ftags&post=18205"}],"curies":[{"name":"wp","href":"https:\/\/api.w.org\/{rel}","templated":true}]}}