{"id":18249,"date":"2016-01-08T07:35:48","date_gmt":"2016-01-08T10:35:48","guid":{"rendered":"https:\/\/ocorreionews.com.br\/?p=18249"},"modified":"2016-01-08T07:35:48","modified_gmt":"2016-01-08T10:35:48","slug":"inep-divulga-hoje-notas-do-enem","status":"publish","type":"post","link":"https:\/\/www.ocorreionews.com.br\/acervo-correio\/?p=18249","title":{"rendered":"Inep divulga hoje notas do Enem"},"content":{"rendered":"<p style=\"text-align: justify;\">O resultado do Exame Nacional do Ensino M\u00e9dio (Enem) ser\u00e1 divulgado hoje (8), segundo o Instituto Nacional de Estudos e Pesquisas Educacionais An\u00edsio Teixeira (Inep). Os 5,7 milh\u00f5es de candidatos que fizeram as provas em outubro do ano passado saber\u00e3o quanto tiraram em cada uma. Os resultados estar\u00e3o dispon\u00edveis na internet, na p\u00e1gina do\u00a0Instituto Nacional de Estudos e Pesquisas Educacionais An\u00edsio Teixeira\u00a0(Inep).<\/p>\n<p style=\"text-align: justify;\">Os estudantes ter\u00e3o acesso a uma tabela com a nota obtida em cada uma das provas: linguagens, matem\u00e1tica, ci\u00eancias humanas, ci\u00eancias da natureza e reda\u00e7\u00e3o. Eles ainda n\u00e3o ter\u00e3o, por\u00e9m, acesso ao espelho da reda\u00e7\u00e3o, com a corre\u00e7\u00e3o mais detalhada do texto, que ser\u00e1 divulgado posteriormente.<\/p>\n<p style=\"text-align: justify;\">Como o Inep n\u00e3o informou a hora exata da divulga\u00e7\u00e3o, a partir da 0h de hoje o exame j\u00e1 estava entre os t\u00f3picos mais comentados no Twitter. A p\u00e1gina do Inep chegou a ficar fora do ar. Um usu\u00e1rio do microblog comenta: &#8220;Sobre as notas do Enem n\u00e3o serem divulgadas \u00e0 0h do dia 8, mas os port\u00f5es fecharem sempre na hora certa. Isso n\u00e3o t\u00e1 certo&#8221;. Outro tranquiliza: &#8220;Gente, todo ano a nota do Enem s\u00f3 sai l\u00e1 pelas 10h, sejam menos avexados&#8221;.<\/p>\n<p style=\"text-align: justify;\">As notas do Enem s\u00e3o calculadas com base na Teoria de Resposta ao Item (TRI), ou seja, o valor de cada item varia de acordo com o n\u00famero de candidatos que acertaram ou erraram a resposta. Quanto mais candidatos acertarem, mais f\u00e1cil \u00e9 considerado o item e menos vale. Ao contr\u00e1rio, se menos candidatos acertarem, o item \u00e9 considerado dif\u00edcil e vale mais.<\/p>\n<p style=\"text-align: justify;\">A nota do Enem poder\u00e1 ser usada para participar de programas como o Sistema de Sele\u00e7\u00e3o Unificada (Sisu), que oferece vagas em institui\u00e7\u00f5es p\u00fablicas de ensino superior em todo o pa\u00eds. As inscri\u00e7\u00f5es poder\u00e3o ser feitas de 11 a 14 de janeiro. Nesta edi\u00e7\u00e3o ser\u00e3o ofertadas 228 mil vagas. Para participar, o candidato n\u00e3o pode ter tirado 0 na reda\u00e7\u00e3o.<\/p>\n<p style=\"text-align: justify;\">A nota poder\u00e1 ser usada tamb\u00e9m para obter bolsas de estudo integrais ou parciais em institui\u00e7\u00f5es particulares de ensino superior pelo Programa Universidade para Todos (ProUni) e financiamento pelo Fundo de Financiamento Estudantil (Fies). Para participar dos programas, o estudante n\u00e3o pode ter zerado a reda\u00e7\u00e3o e precisa obter pelo menos uma m\u00e9dia de 450 pontos nas demais provas do Enem.<\/p>\n<p style=\"text-align: justify;\">Para obter a certifica\u00e7\u00e3o do ensino m\u00e9dio, \u00e9 preciso ter feito a solicita\u00e7\u00e3o no in\u00edcio do ano, na hora da inscri\u00e7\u00e3o,ter mais de 18 anos e ter obtido pelo menos 450 pontos em cada uma das provas e 500 pontos ou mais na reda\u00e7\u00e3o.<\/p>\n<p style=\"text-align: justify;\">A nota pode ser usada tamb\u00e9m para participar do programa de interc\u00e2mbio acad\u00eamico Ci\u00eancia sem Fronteiras e do Sistema de Sele\u00e7\u00e3o Unificada do Ensino T\u00e9cnico e Profissional (Sisutec), que destina a estudantes vagas gratuitas em cursos t\u00e9cnicos.<\/p>\n","protected":false},"excerpt":{"rendered":"<p>O resultado do Exame Nacional do Ensino M\u00e9dio (Enem) ser\u00e1 divulgado hoje (8), segundo o Instituto Nacional de Estudos e Pesquisas Educacionais An\u00edsio Teixeira (Inep). Os 5,7 milh\u00f5es de candidatos que fizeram as provas em outubro do ano passado saber\u00e3o quanto tiraram em cada uma. Os resultados estar\u00e3o dispon\u00edveis na internet, na p\u00e1gina do\u00a0Instituto Nacional [&hellip;]<\/p>\n","protected":false},"author":4,"featured_media":1654,"comment_status":"closed","ping_status":"closed","sticky":false,"template":"","format":"standard","meta":{"footnotes":""},"categories":[27],"tags":[],"class_list":["post-18249","post","type-post","status-publish","format-standard","has-post-thumbnail","hentry","category-educacao"],"_links":{"self":[{"href":"https:\/\/www.ocorreionews.com.br\/acervo-correio\/index.php?rest_route=\/wp\/v2\/posts\/18249","targetHints":{"allow":["GET"]}}],"collection":[{"href":"https:\/\/www.ocorreionews.com.br\/acervo-correio\/index.php?rest_route=\/wp\/v2\/posts"}],"about":[{"href":"https:\/\/www.ocorreionews.com.br\/acervo-correio\/index.php?rest_route=\/wp\/v2\/types\/post"}],"author":[{"embeddable":true,"href":"https:\/\/www.ocorreionews.com.br\/acervo-correio\/index.php?rest_route=\/wp\/v2\/users\/4"}],"replies":[{"embeddable":true,"href":"https:\/\/www.ocorreionews.com.br\/acervo-correio\/index.php?rest_route=%2Fwp%2Fv2%2Fcomments&post=18249"}],"version-history":[{"count":0,"href":"https:\/\/www.ocorreionews.com.br\/acervo-correio\/index.php?rest_route=\/wp\/v2\/posts\/18249\/revisions"}],"wp:featuredmedia":[{"embeddable":true,"href":"https:\/\/www.ocorreionews.com.br\/acervo-correio\/index.php?rest_route=\/wp\/v2\/media\/1654"}],"wp:attachment":[{"href":"https:\/\/www.ocorreionews.com.br\/acervo-correio\/index.php?rest_route=%2Fwp%2Fv2%2Fmedia&parent=18249"}],"wp:term":[{"taxonomy":"category","embeddable":true,"href":"https:\/\/www.ocorreionews.com.br\/acervo-correio\/index.php?rest_route=%2Fwp%2Fv2%2Fcategories&post=18249"},{"taxonomy":"post_tag","embeddable":true,"href":"https:\/\/www.ocorreionews.com.br\/acervo-correio\/index.php?rest_route=%2Fwp%2Fv2%2Ftags&post=18249"}],"curies":[{"name":"wp","href":"https:\/\/api.w.org\/{rel}","templated":true}]}}