{"id":18257,"date":"2016-01-08T08:33:50","date_gmt":"2016-01-08T11:33:50","guid":{"rendered":"https:\/\/ocorreionews.com.br\/?p=18257"},"modified":"2016-01-08T08:33:50","modified_gmt":"2016-01-08T11:33:50","slug":"ffms-desiste-de-adiamento-e-estadual-vai-comecar-em-30-de-janeiro","status":"publish","type":"post","link":"https:\/\/www.ocorreionews.com.br\/acervo-correio\/?p=18257","title":{"rendered":"FFMS desiste de adiamento, e estadual vai come\u00e7ar em 30 de janeiro"},"content":{"rendered":"<p class=\"\">O Campeonato Sul-Mato-Grossense vai mesmo come\u00e7ar em 30 de janeiro, data prevista no calend\u00e1rio da Confedera\u00e7\u00e3o Brasileira de Futebol (CBF). A informa\u00e7\u00e3o foi confirmada nesta quinta-feira pelo presidente da Federa\u00e7\u00e3o de Futebol de Mato Grosso do Sul (FFMS), Francisco Cez\u00e1rio de Oliveira. Segundo o dirigente, em reuni\u00e3o do conselho t\u00e9cnico na \u00faltima quarta-feira, os clubes concordaram em manter a abertura do torneio na data original.<\/p>\n<p class=\"\">Em dezembro, a FFMS havia adiado em duas semanas o in\u00edcio da competi\u00e7\u00e3o, sob justificativa de um pedido dos clubes e da &#8220;desestabiliza\u00e7\u00e3o do futebol&#8221; causada pelo Profut (Lei 13.155\/2015). Com o fim do adiamento, Cez\u00e1rio afirma que agora a entidade deve providenciar at\u00e9 a pr\u00f3xima ter\u00e7a-feira os laudos dos est\u00e1dios, que dever\u00e3o ser apresentados ao Minist\u00e9rio P\u00fablico Estadual.<\/p>\n<p class=\"\">A FFMS tamb\u00e9m divulgou um relat\u00f3rio da situa\u00e7\u00e3o dos est\u00e1dios. Confira a lista:<\/p>\n<p class=\"\"><strong>Liberados<\/strong><br \/>\n&#8211; Serc (Chapad\u00e3o do Sul)<br \/>\n&#8211; Madrugad\u00e3o (Tr\u00eas Lagoas)<br \/>\n&#8211; Saraiv\u00e3o (Ivinhema)<\/p>\n<p><strong>Sem receber parecer do Minist\u00e9rio P\u00fablico<\/strong><br \/>\n&#8211; Dourad\u00e3o (Dourados)<br \/>\n&#8211; Arthur Marinho (Corumb\u00e1)<\/p>\n<p><strong>Vetados<\/strong><br \/>\n&#8211; Chavinha (Itapor\u00e3)<br \/>\n&#8211; Ninho da \u00c1guia (Rio Brilhante)<br \/>\n&#8211; Virot\u00e3o (Navira\u00ed)<br \/>\n&#8211; Moreninhas (Campo Grande)<br \/>\n&#8211; Laert\u00e3o (Costa Rica)<\/p>\n<p class=\"\">\n<p class=\"\">\n<p class=\"\">GloboEsporteMS<\/p>\n","protected":false},"excerpt":{"rendered":"<p>O Campeonato Sul-Mato-Grossense vai mesmo come\u00e7ar em 30 de janeiro, data prevista no calend\u00e1rio da Confedera\u00e7\u00e3o Brasileira de Futebol (CBF). A informa\u00e7\u00e3o foi confirmada nesta quinta-feira pelo presidente da Federa\u00e7\u00e3o de Futebol de Mato Grosso do Sul (FFMS), Francisco Cez\u00e1rio de Oliveira. Segundo o dirigente, em reuni\u00e3o do conselho t\u00e9cnico na \u00faltima quarta-feira, os clubes [&hellip;]<\/p>\n","protected":false},"author":4,"featured_media":4869,"comment_status":"closed","ping_status":"closed","sticky":false,"template":"","format":"standard","meta":{"footnotes":""},"categories":[29],"tags":[],"class_list":["post-18257","post","type-post","status-publish","format-standard","has-post-thumbnail","hentry","category-esporte"],"_links":{"self":[{"href":"https:\/\/www.ocorreionews.com.br\/acervo-correio\/index.php?rest_route=\/wp\/v2\/posts\/18257","targetHints":{"allow":["GET"]}}],"collection":[{"href":"https:\/\/www.ocorreionews.com.br\/acervo-correio\/index.php?rest_route=\/wp\/v2\/posts"}],"about":[{"href":"https:\/\/www.ocorreionews.com.br\/acervo-correio\/index.php?rest_route=\/wp\/v2\/types\/post"}],"author":[{"embeddable":true,"href":"https:\/\/www.ocorreionews.com.br\/acervo-correio\/index.php?rest_route=\/wp\/v2\/users\/4"}],"replies":[{"embeddable":true,"href":"https:\/\/www.ocorreionews.com.br\/acervo-correio\/index.php?rest_route=%2Fwp%2Fv2%2Fcomments&post=18257"}],"version-history":[{"count":0,"href":"https:\/\/www.ocorreionews.com.br\/acervo-correio\/index.php?rest_route=\/wp\/v2\/posts\/18257\/revisions"}],"wp:featuredmedia":[{"embeddable":true,"href":"https:\/\/www.ocorreionews.com.br\/acervo-correio\/index.php?rest_route=\/wp\/v2\/media\/4869"}],"wp:attachment":[{"href":"https:\/\/www.ocorreionews.com.br\/acervo-correio\/index.php?rest_route=%2Fwp%2Fv2%2Fmedia&parent=18257"}],"wp:term":[{"taxonomy":"category","embeddable":true,"href":"https:\/\/www.ocorreionews.com.br\/acervo-correio\/index.php?rest_route=%2Fwp%2Fv2%2Fcategories&post=18257"},{"taxonomy":"post_tag","embeddable":true,"href":"https:\/\/www.ocorreionews.com.br\/acervo-correio\/index.php?rest_route=%2Fwp%2Fv2%2Ftags&post=18257"}],"curies":[{"name":"wp","href":"https:\/\/api.w.org\/{rel}","templated":true}]}}