{"id":18264,"date":"2016-01-08T09:16:57","date_gmt":"2016-01-08T12:16:57","guid":{"rendered":"https:\/\/ocorreionews.com.br\/?p=18264"},"modified":"2016-01-08T09:16:57","modified_gmt":"2016-01-08T12:16:57","slug":"policia-de-costa-rica-investiga-estupro-de-crianca-de-tres-anos","status":"publish","type":"post","link":"https:\/\/www.ocorreionews.com.br\/acervo-correio\/?p=18264","title":{"rendered":"Policia de Costa Rica investiga estupro de crian\u00e7a de tr\u00eas anos"},"content":{"rendered":"<p>No s\u00e1bado (02\/01\/2015), uma mulher de 26 anos, depois de tomar conhecimento que sua filha de apenas tr\u00eas anos de idade estava sendo molestada pelo tio, um homem de 22 anos, procurou a pol\u00edcia civil e registrou boletim de ocorr\u00eancia de Estupro de Vulner\u00e1vel.<\/p>\n<p>Conforme consta no registro do boletim de ocorr\u00eancia os \u00a0fatos aconteciam quando a mulher sa\u00eda pra trabalhar e deixava a crian\u00e7a aos cuidados da av\u00f3 materna, pois, a m\u00e3e da menina trabalha a noite, \u00a0e quando todos iam dormir a menina era levada pelo acusado para dormir com ele na cama em seu quarto e l\u00e1 era onde aconteciam os abusos. A menina relatou alguns fatos, mas quando \u00e9 perguntado sobre como os fatos aconteciam, a menina coloca \u00a0a m\u00e3o no rosto, mostrando estar envergonhada.<\/p>\n<p>A m\u00e3e ao saber do acontecido foi tirar satisfa\u00e7\u00e3o com o irm\u00e3o, mas ele sorriu e negou os fatos.<\/p>\n<p>O delegado, Alexandro Mendes de Ara\u00fajo, encaminhou a crian\u00e7a para ser submetida a exame de conjun\u00e7\u00e3o carnal, no n\u00facleo de per\u00edcia da cidade de Paranaiba\/MS e solicitou que menina tenha acompanhamento psicol\u00f3gico para apurar melhor os fatos e amenizar o eventual trauma experimentado pela menina.<\/p>\n<p>Est\u00e3o sendo ouvidas testemunhas e o delegado aguarda o laudo de conjun\u00e7\u00e3o carnal e t\u00e3o logo seja confirmado os fatos o acusado ser\u00e1 indiciado e ficar\u00e1 \u00e0 disposi\u00e7\u00e3o da justi\u00e7a.<\/p>\n<p>Um caso revoltante que serve de alerta para os pais, pois n\u00e3o s\u00e3o casos isolados \u00a0e muitas crian\u00e7as, meninas e meninos, sofrem em sil\u00eancio pois s\u00e3o abusadas e ame\u00e7as por pessoas que est\u00e3o pr\u00f3ximas e sentem culpadas pelos atos que s\u00e3o praticadas contra elas, sentem vergonha e medo.<\/p>\n<p>&nbsp;<\/p>\n<p>&nbsp;<\/p>\n<p>&nbsp;<\/p>\n<p>Fonte: Eu Conto Tudo<\/p>\n","protected":false},"excerpt":{"rendered":"<p>No s\u00e1bado (02\/01\/2015), uma mulher de 26 anos, depois de tomar conhecimento que sua filha de apenas tr\u00eas anos de idade estava sendo molestada pelo tio, um homem de 22 anos, procurou a pol\u00edcia civil e registrou boletim de ocorr\u00eancia de Estupro de Vulner\u00e1vel. Conforme consta no registro do boletim de ocorr\u00eancia os \u00a0fatos aconteciam [&hellip;]<\/p>\n","protected":false},"author":4,"featured_media":6006,"comment_status":"closed","ping_status":"closed","sticky":false,"template":"","format":"standard","meta":{"footnotes":""},"categories":[25,38],"tags":[],"class_list":["post-18264","post","type-post","status-publish","format-standard","has-post-thumbnail","hentry","category-costa-rica","category-policia"],"_links":{"self":[{"href":"https:\/\/www.ocorreionews.com.br\/acervo-correio\/index.php?rest_route=\/wp\/v2\/posts\/18264","targetHints":{"allow":["GET"]}}],"collection":[{"href":"https:\/\/www.ocorreionews.com.br\/acervo-correio\/index.php?rest_route=\/wp\/v2\/posts"}],"about":[{"href":"https:\/\/www.ocorreionews.com.br\/acervo-correio\/index.php?rest_route=\/wp\/v2\/types\/post"}],"author":[{"embeddable":true,"href":"https:\/\/www.ocorreionews.com.br\/acervo-correio\/index.php?rest_route=\/wp\/v2\/users\/4"}],"replies":[{"embeddable":true,"href":"https:\/\/www.ocorreionews.com.br\/acervo-correio\/index.php?rest_route=%2Fwp%2Fv2%2Fcomments&post=18264"}],"version-history":[{"count":0,"href":"https:\/\/www.ocorreionews.com.br\/acervo-correio\/index.php?rest_route=\/wp\/v2\/posts\/18264\/revisions"}],"wp:featuredmedia":[{"embeddable":true,"href":"https:\/\/www.ocorreionews.com.br\/acervo-correio\/index.php?rest_route=\/wp\/v2\/media\/6006"}],"wp:attachment":[{"href":"https:\/\/www.ocorreionews.com.br\/acervo-correio\/index.php?rest_route=%2Fwp%2Fv2%2Fmedia&parent=18264"}],"wp:term":[{"taxonomy":"category","embeddable":true,"href":"https:\/\/www.ocorreionews.com.br\/acervo-correio\/index.php?rest_route=%2Fwp%2Fv2%2Fcategories&post=18264"},{"taxonomy":"post_tag","embeddable":true,"href":"https:\/\/www.ocorreionews.com.br\/acervo-correio\/index.php?rest_route=%2Fwp%2Fv2%2Ftags&post=18264"}],"curies":[{"name":"wp","href":"https:\/\/api.w.org\/{rel}","templated":true}]}}