{"id":18266,"date":"2016-01-08T09:38:48","date_gmt":"2016-01-08T12:38:48","guid":{"rendered":"https:\/\/ocorreionews.com.br\/?p=18266"},"modified":"2016-01-09T09:20:15","modified_gmt":"2016-01-09T12:20:15","slug":"faleceu-o-pai-do-prefeito-de-chapadao-do-ceu-rogerio-graxa","status":"publish","type":"post","link":"https:\/\/www.ocorreionews.com.br\/acervo-correio\/?p=18266","title":{"rendered":"Faleceu o pai do Prefeito de Chapad\u00e3o do C\u00e9u Rog\u00e9rio Graxa"},"content":{"rendered":"<p>\u00c9 com grande pesar que comunicamos o falecimento do senhor Alfren Pianezzola 88 anos, ocorrido no in\u00edcio da madrugada desta sexta-feira, 08 de janeiro, em Garibalde (RS), v\u00edtima de complica\u00e7\u00f5es por um AVC.<\/p>\n<p>O Sr. Alfren era vi\u00favo e teve tr\u00eas filhos, Alberto, Rose e Rog\u00e9rio, este \u00faltimo \u00e9 o atual prefeito de Chapad\u00e3o do C\u00e9u (GO).<\/p>\n<p>O vel\u00f3rio do corpo de Alfren ocorre em Garibalde (RS), onde ser\u00e1 sepultado.<\/p>\n<div class=\"banner-single\">Por motivo do falecimento do patriarca Pianezzola, a Prefeitura de Chapad\u00e3o do C\u00e9u n\u00e3o ter\u00e1 expediente nesta sexta-feira (08).<\/div>\n<div class=\"banner-single\"><\/div>\n<div class=\"banner-single\"><\/div>\n<p><em>Fonte: Assecom &#8211; PMCC<\/em><\/p>\n","protected":false},"excerpt":{"rendered":"<p>\u00c9 com grande pesar que comunicamos o falecimento do senhor Alfren Pianezzola 88 anos, ocorrido no in\u00edcio da madrugada desta sexta-feira, 08 de janeiro, em Garibalde (RS), v\u00edtima de complica\u00e7\u00f5es por um AVC. O Sr. Alfren era vi\u00favo e teve tr\u00eas filhos, Alberto, Rose e Rog\u00e9rio, este \u00faltimo \u00e9 o atual prefeito de Chapad\u00e3o do [&hellip;]<\/p>\n","protected":false},"author":4,"featured_media":18278,"comment_status":"closed","ping_status":"closed","sticky":false,"template":"","format":"standard","meta":{"footnotes":""},"categories":[22],"tags":[],"class_list":["post-18266","post","type-post","status-publish","format-standard","has-post-thumbnail","hentry","category-chapadao-do-ceu"],"_links":{"self":[{"href":"https:\/\/www.ocorreionews.com.br\/acervo-correio\/index.php?rest_route=\/wp\/v2\/posts\/18266","targetHints":{"allow":["GET"]}}],"collection":[{"href":"https:\/\/www.ocorreionews.com.br\/acervo-correio\/index.php?rest_route=\/wp\/v2\/posts"}],"about":[{"href":"https:\/\/www.ocorreionews.com.br\/acervo-correio\/index.php?rest_route=\/wp\/v2\/types\/post"}],"author":[{"embeddable":true,"href":"https:\/\/www.ocorreionews.com.br\/acervo-correio\/index.php?rest_route=\/wp\/v2\/users\/4"}],"replies":[{"embeddable":true,"href":"https:\/\/www.ocorreionews.com.br\/acervo-correio\/index.php?rest_route=%2Fwp%2Fv2%2Fcomments&post=18266"}],"version-history":[{"count":0,"href":"https:\/\/www.ocorreionews.com.br\/acervo-correio\/index.php?rest_route=\/wp\/v2\/posts\/18266\/revisions"}],"wp:featuredmedia":[{"embeddable":true,"href":"https:\/\/www.ocorreionews.com.br\/acervo-correio\/index.php?rest_route=\/wp\/v2\/media\/18278"}],"wp:attachment":[{"href":"https:\/\/www.ocorreionews.com.br\/acervo-correio\/index.php?rest_route=%2Fwp%2Fv2%2Fmedia&parent=18266"}],"wp:term":[{"taxonomy":"category","embeddable":true,"href":"https:\/\/www.ocorreionews.com.br\/acervo-correio\/index.php?rest_route=%2Fwp%2Fv2%2Fcategories&post=18266"},{"taxonomy":"post_tag","embeddable":true,"href":"https:\/\/www.ocorreionews.com.br\/acervo-correio\/index.php?rest_route=%2Fwp%2Fv2%2Ftags&post=18266"}],"curies":[{"name":"wp","href":"https:\/\/api.w.org\/{rel}","templated":true}]}}