{"id":18269,"date":"2016-01-08T09:35:48","date_gmt":"2016-01-08T12:35:48","guid":{"rendered":"https:\/\/ocorreionews.com.br\/?p=18269"},"modified":"2016-01-08T09:55:11","modified_gmt":"2016-01-08T12:55:11","slug":"costa-rica-contrata-meia-ex-luverdense-e-goias","status":"publish","type":"post","link":"https:\/\/www.ocorreionews.com.br\/acervo-correio\/?p=18269","title":{"rendered":"Costa Rica contrata meia ex-Luverdense e Goi\u00e1s"},"content":{"rendered":"<p>Em prepara\u00e7\u00e3o para o Campeonato Sul-mato-grossense 2016, o Costa Rica anunciou mais um refor\u00e7o: o meia armador Adinil Junior de Oliveira Costa de 27 anos.<\/p>\n<p>Adinil esteve no Goian\u00e9sia e Prudent\u00f3polis na \u00faltima temporada, mas j\u00e1 atuou por Goi\u00e1s, Am\u00e9rica-SP, Luverdense e Uni\u00e3o de Rondon\u00f3polis.<\/p>\n<p>O meia era cotado no Goi\u00e1s como uma grande promessa, mas teve que abandonar a carreira durante cinco anos devido a problemas pessoais. Recuperado, voltou ao Luverdense em 2013 e acabou jogando por outras equipes. Nascido em Goi\u00e2nia, o jogador agora ser\u00e1 op\u00e7\u00e3o no elenco do t\u00e9cnico Mauro Marino que iniciou os trabalhos na segunda-feira (4). Ele disputar\u00e1 posi\u00e7\u00e3o com Celino Buiu, Dilsinho, Carlinhos, Vinicius e Sadan.<\/p>\n<p>O Costa Rica est\u00e1 no grupo A, ao lado de Oper\u00e1rio-MS, Comercial, Novoper\u00e1rio, Serc e Misto. A estreia est\u00e1 marcada at\u00e9 o momento para o dia 14 de fevereiro, em casa, contra a Serc.<\/p>\n<p>&nbsp;<\/p>\n<p>&nbsp;<\/p>\n<p>&nbsp;<\/p>\n<p>Gazeta MS<\/p>\n","protected":false},"excerpt":{"rendered":"<p>Em prepara\u00e7\u00e3o para o Campeonato Sul-mato-grossense 2016, o Costa Rica anunciou mais um refor\u00e7o: o meia armador Adinil Junior de Oliveira Costa de 27 anos. Adinil esteve no Goian\u00e9sia e Prudent\u00f3polis na \u00faltima temporada, mas j\u00e1 atuou por Goi\u00e1s, Am\u00e9rica-SP, Luverdense e Uni\u00e3o de Rondon\u00f3polis. O meia era cotado no Goi\u00e1s como uma grande promessa, [&hellip;]<\/p>\n","protected":false},"author":4,"featured_media":18270,"comment_status":"closed","ping_status":"closed","sticky":false,"template":"","format":"standard","meta":{"footnotes":""},"categories":[25,29],"tags":[],"class_list":["post-18269","post","type-post","status-publish","format-standard","has-post-thumbnail","hentry","category-costa-rica","category-esporte"],"_links":{"self":[{"href":"https:\/\/www.ocorreionews.com.br\/acervo-correio\/index.php?rest_route=\/wp\/v2\/posts\/18269","targetHints":{"allow":["GET"]}}],"collection":[{"href":"https:\/\/www.ocorreionews.com.br\/acervo-correio\/index.php?rest_route=\/wp\/v2\/posts"}],"about":[{"href":"https:\/\/www.ocorreionews.com.br\/acervo-correio\/index.php?rest_route=\/wp\/v2\/types\/post"}],"author":[{"embeddable":true,"href":"https:\/\/www.ocorreionews.com.br\/acervo-correio\/index.php?rest_route=\/wp\/v2\/users\/4"}],"replies":[{"embeddable":true,"href":"https:\/\/www.ocorreionews.com.br\/acervo-correio\/index.php?rest_route=%2Fwp%2Fv2%2Fcomments&post=18269"}],"version-history":[{"count":0,"href":"https:\/\/www.ocorreionews.com.br\/acervo-correio\/index.php?rest_route=\/wp\/v2\/posts\/18269\/revisions"}],"wp:featuredmedia":[{"embeddable":true,"href":"https:\/\/www.ocorreionews.com.br\/acervo-correio\/index.php?rest_route=\/wp\/v2\/media\/18270"}],"wp:attachment":[{"href":"https:\/\/www.ocorreionews.com.br\/acervo-correio\/index.php?rest_route=%2Fwp%2Fv2%2Fmedia&parent=18269"}],"wp:term":[{"taxonomy":"category","embeddable":true,"href":"https:\/\/www.ocorreionews.com.br\/acervo-correio\/index.php?rest_route=%2Fwp%2Fv2%2Fcategories&post=18269"},{"taxonomy":"post_tag","embeddable":true,"href":"https:\/\/www.ocorreionews.com.br\/acervo-correio\/index.php?rest_route=%2Fwp%2Fv2%2Ftags&post=18269"}],"curies":[{"name":"wp","href":"https:\/\/api.w.org\/{rel}","templated":true}]}}