{"id":18274,"date":"2016-01-08T10:25:16","date_gmt":"2016-01-08T13:25:16","guid":{"rendered":"https:\/\/ocorreionews.com.br\/?p=18274"},"modified":"2016-01-08T10:43:48","modified_gmt":"2016-01-08T13:43:48","slug":"edital-de-abertura-de-processo-seletivo-de-professores-da-rede-municipal-de-ensino-de-figueirao","status":"publish","type":"post","link":"https:\/\/www.ocorreionews.com.br\/acervo-correio\/?p=18274","title":{"rendered":"Edital de abertura de processo seletivo de professores da rede municipal de ensino de Figueir\u00e3o"},"content":{"rendered":"<p align=\"center\">EDITAL DE ABERTURA DE PROCESSO SELETIVO DE PROFESSORES DA REDE MUNICIPAL DE ENSINO DE FIGUEIR\u00c3O\/MS<\/p>\n<p>\u00a0\u00a0\u00a0\u00a0\u00a0\u00a0\u00a0\u00a0\u00a0\u00a0\u00a0\u00a0\u00a0\u00a0\u00a0\u00a0\u00a0\u00a0\u00a0\u00a0\u00a0\u00a0\u00a0\u00a0\u00a0\u00a0\u00a0\u00a0\u00a0\u00a0\u00a0\u00a0\u00a0\u00a0 LUCIANE AIMI RAMOS, Secret\u00e1ria Municipal de Educa\u00e7\u00e3o, Cultura e Esporte, no uso de suas atribui\u00e7\u00f5es e com respaldo da Lei Complementar n. 019, de 18 de abril de 2013, respectivamente, torna p\u00fablica a abertura do cadastramento de professores, a fim de comporem o quadro de reserva para desempenharem a fun\u00e7\u00e3o docente, em car\u00e1ter tempor\u00e1rio, na rede Municipal de Ensino de Figueir\u00e3o \u2013 MS, sob a forma de aulas ou classes\/aulas livres para serem atribu\u00eddas, de acordo com as normas e condi\u00e7\u00f5es seguintes:<\/p>\n<p>1 DAS DISPOSI\u00c7\u00d5ES PRELIMINARES:<\/p>\n<p>1.1 O presente edital tem por objetivo regulamentar o processo de cadastramento e de sele\u00e7\u00e3o de interessados em compor o quadro de reserva de professores tempor\u00e1rios para desempenharem a fun\u00e7\u00e3o na Rede Municipal de Ensino de Figueir\u00e3o \u2013 MS, em vagas que surgirem em 2016, por necessidade tempor\u00e1ria de excepcional interesse p\u00fablico, decorrente da car\u00eancia de pessoal ocasionada pela inexist\u00eancia de profissionais aprovados em concurso p\u00fablico para esse fim ou para desenvolverem projetos de curta dura\u00e7\u00e3o;<\/p>\n<p>1.2 As informa\u00e7\u00f5es fornecidas no formul\u00e1rio de cadastro s\u00e3o de inteira responsabilidade do candidato;<\/p>\n<p>1.3 Poder\u00e3o inscrever-se no quadro de cadastro reserva de professores da Rede Municipal de Ensino de Figueir\u00e3o\/MS somente os graduados em licenciatura;<\/p>\n<p>2 DOS PROCESSOS DE CADASTRAMENTO E SELE\u00c7\u00c3O:<\/p>\n<p>2.1 DO CADASTRAMENTO:<\/p>\n<p>2.1.1 O cadastramento de que trata este edital \u00e9 requisito para o professor ministrar aulas tempor\u00e1rias na Rede Municipal de Ensino de Figueir\u00e3o\/MS;<\/p>\n<p>2.1.2 O formul\u00e1rio de inscri\u00e7\u00e3o e o edital do Processo Seletivo de Professores, contendo toda a regulamenta\u00e7\u00e3o, ser\u00e3o disponibilizados, para preenchimento e impress\u00e3o, no endere\u00e7o eletr\u00f4nico <u>www.figueirao.ms.gov.br<\/u>;<\/p>\n<p>2.1.3 Os interessados em se cadastrar no quadro de reserva de professores tempor\u00e1rios da Rede Municipal de Ensino de Figueir\u00e3o\/MS poder\u00e3o faz\u00ea-lo em at\u00e9 uma habilita\u00e7\u00e3o, a qual dever\u00e1 ser comprovada por meio de c\u00f3pia autenticada do certificado a ser entregue no momento da inscri\u00e7\u00e3o;<\/p>\n<p>2.1.4 A entrega do formul\u00e1rio de inscri\u00e7\u00e3o preenchido pelo candidato antecipadamente e dos certificados para comprova\u00e7\u00e3o de habilita\u00e7\u00e3o ser\u00e3o recebidos pela dire\u00e7\u00e3o da escola, na Secretaria Municipal de Educa\u00e7\u00e3o, Cultura e Esporte, localizada na Rua Castro Alves, 520, Bairro Jardim Barreto, Figueir\u00e3o\/MS e ocorrer\u00e1 no per\u00edodo de 14 e 15 de janeiro de 2016, das 07h \u00e0s 11h e das 13h \u00e0s 17h.<\/p>\n<p>2.1.5 Poder\u00e3o inscrever-se os professores sem v\u00ednculo efetivo com a Rede Municipal de Ensino de Figueir\u00e3o\/MS;<\/p>\n<p>2.1.6 Os professores com v\u00ednculo efetivo com a Rede Municipal de Ensino de Figueir\u00e3o\/MS poder\u00e3o inscrever-se desde que n\u00e3o ultrapassem a carga hor\u00e1ria de 40 horas semanais.<\/p>\n<p>2.1.7 A lista dos inscritos no quadro de cadastro reserva de professor tempor\u00e1rio da Rede Municipal de Ensino de Figueir\u00e3o\/MS ser\u00e1 divulgada no endere\u00e7o eletr\u00f4nico <u>www.figueirao.ms.gov.br<\/u>, depois do encerramento do prazo para cadastramento, conforme disposto neste edital.<\/p>\n<p>2.2 DA SELE\u00c7\u00c3O E CONVOCA\u00c7\u00c3O:<\/p>\n<p>2.2.1 \u00c9 requisito para haver a sele\u00e7\u00e3o de candidato que o nome conste no quadro de reserva de professores tempor\u00e1rios, depois da publica\u00e7\u00e3o no endere\u00e7o eletr\u00f4nico <a href=\"http:\/\/www.figueirao.ms.gov.br\/\">www.figueirao.ms.gov.br<\/a>;<\/p>\n<p>2.2.2 A sele\u00e7\u00e3o dos candidatos ser\u00e1 por meio de entrevista feita pela dire\u00e7\u00e3o da unidade escolar, em formul\u00e1rio espec\u00edfico, no per\u00edodo de 18 e 19 de janeiro de 2016, das 7h \u00e0s 11h e das 13h \u00e0s 17h, observados os seguintes crit\u00e9rios:<\/p>\n<p>a) professor do quadro efetivo com maior tempo de servi\u00e7o no magist\u00e9rio na unidade escolar com anos letivos ininterruptos e consecutivos;<\/p>\n<p>b) aprovado em concurso e ainda n\u00e3o nomeado, observada a ordem de classifica\u00e7\u00e3o;<\/p>\n<p>c) o resultado da sele\u00e7\u00e3o, conforme preceitua o caput deste item, ser\u00e1 divulgado no dia 28 de janeiro de 2016 no endere\u00e7o eletr\u00f4nico <a href=\"http:\/\/www.figueirao.ms.gov.br\/\">www.figueirao.ms.gov.br<\/a>, e no mural de avisos desta Secretaria Municipal de Educa\u00e7\u00e3o, Cultura e Esporte.<\/p>\n<p>2.2.3 Se o candidato inscrito for selecionado para ministrar aulas na Rede Municipal de Ensino de Figueir\u00e3o\/MS, de acordo com a publica\u00e7\u00e3o no endere\u00e7o eletr\u00f4nico <a href=\"http:\/\/www.figueirao.ms.gov.br\/\">www.figueirao.ms.gov.br<\/a>, dever\u00e3o apresentar os documentos originais, com c\u00f3pia leg\u00edvel e sem rasuras, para autentica\u00e7\u00e3o, in loco, conforme segue:<\/p>\n<p>a) registro geral de identifica\u00e7\u00e3o (RG);<\/p>\n<p>b) inscri\u00e7\u00e3o no cadastro de pessoa f\u00edsica (CPF);<\/p>\n<p>c) t\u00edtulo de eleitor;<\/p>\n<p>d) comprovante de quita\u00e7\u00e3o eleitoral da \u00faltima elei\u00e7\u00e3o (dos dois turnos, se houve) ou certid\u00e3o de quita\u00e7\u00e3o eleitoral impressa, obtida no site do TRE;<\/p>\n<p>e) documento ou extrato do PIS\/PASEP, emitido pelo Banco do Brasil ou pela Caixa Econ\u00f4mica Federal;<\/p>\n<p>f) 1 foto 3X4;<\/p>\n<p>g) comprovante de resid\u00eancia;<\/p>\n<p>h) certid\u00e3o de nascimento ou de casamento ou, ainda, de casamento com averba\u00e7\u00e3o, quando divorciado, e, neste caso, todos os documentos pessoais devem estar alterados de acordo com a certid\u00e3o;<\/p>\n<p>i) certid\u00e3o de nascimento dos filhos dependentes, carteira de vacina\u00e7\u00e3o dos filhos de 0 a 6 anos e o comprovante de matr\u00edcula escolar dos filhos menores de 14 anos;<\/p>\n<p>j) comprovante de escolaridade exigida para o cargo: diploma ou hist\u00f3rico escolar, com a data da cola\u00e7\u00e3o de grau;<\/p>\n<p>k) certificado militar, quando for o caso;<\/p>\n<p>l) carteira do Conselho Regional de Educa\u00e7\u00e3o F\u00edsica, quando for o caso;<\/p>\n<p>m) declara\u00e7\u00e3o de bens e declara\u00e7\u00e3o de ac\u00famulo ou n\u00e3o de cargos p\u00fablicos, segundo forma da lei;<\/p>\n<p>n) carteira de trabalho \u2013 CTPS com c\u00f3pia das folhas em que constem a foto, a qualifica\u00e7\u00e3o civil e a data do primeiro emprego, quando for o caso;<\/p>\n<p>o) comprovante de conta corrente no Banco Bradesco;<\/p>\n<p>p) atestado m\u00e9dico declarando gozar boa sa\u00fade, o qual dever\u00e1 ser entregue em at\u00e9 15 dias antes do exerc\u00edcio das atividades, e caso houver interrup\u00e7\u00e3o de mais de 30 dias entre uma convoca\u00e7\u00e3o e outra, dever\u00e1 ser entregue novamente.<\/p>\n<p>2.2.4 Candidatos que j\u00e1 ministraram aulas ou que est\u00e3o em doc\u00eancia na Rede Municipal de Ensino de Figueir\u00e3o\/MS dever\u00e3o conferir documenta\u00e7\u00e3o e atualiz\u00e1-la, se necess\u00e1rio, conforme disposto no item 2.2.3 e respectivos subitens.<\/p>\n<p>2.2.5 O candidato cadastrado no quadro de reserva de professores tempor\u00e1rios para ministrarem aulas na Rede Municipal de Ensino de Figueir\u00e3o\/MS, selecionado para a convoca\u00e7\u00e3o, receber\u00e1 remunera\u00e7\u00e3o correspondente ao n\u00edvel de habilita\u00e7\u00e3o ou titula\u00e7\u00e3o na \u00e1rea da educa\u00e7\u00e3o, conforme documenta\u00e7\u00e3o apresentada, e proporcional \u00e0s horas semanais trabalhadas, sem que lhe seja possibilitada a altera\u00e7\u00e3o de n\u00edvel durante esse per\u00edodo de admiss\u00e3o tempor\u00e1ria.<\/p>\n<p>3 DOS IMPEDIMENTOS:<\/p>\n<p>3.1 S\u00e3o impedimentos \u00e0 sele\u00e7\u00e3o do candidato cadastrado no quadro de reserva para professores tempor\u00e1rios ministrarem aulas na Rede Municipal de Ensino de Figueir\u00e3o\/MS se:<\/p>\n<p>a) estiver afastado por motivo de licen\u00e7a m\u00e9dica, licen\u00e7a maternidade, licen\u00e7a para acompanhar c\u00f4njuge, licen\u00e7a para tratar de interesse particular ou cedido a outro \u00f3rg\u00e3o;<\/p>\n<p>b) for ocupante de cargo ou emprego que lhe implique acumula\u00e7\u00e3o il\u00edcita;<\/p>\n<p>c) estiver aposentado por invalidez ou sob forma compuls\u00f3ria;<\/p>\n<p>d) tiver sofrido penalidade na forma da lei;<\/p>\n<p>e) possuir condena\u00e7\u00e3o administrativa ou criminal, com tr\u00e2nsito em julgado;<\/p>\n<p>f) estiver sendo processado por crime ou com os direitos pol\u00edticos suspensos;<\/p>\n<p>g) ocupar cargo em comiss\u00e3o ou fun\u00e7\u00e3o de confian\u00e7a na Administra\u00e7\u00e3o p\u00fablica.<\/p>\n<p>3.2 O professor selecionado para ministrar aulas na Rede Municipal de Educa\u00e7\u00e3o de Figueir\u00e3o\/MS, convocado ou com aulas complementares, h\u00e1 de observar o disposto na Lei Complementar n. 005, de 22 de dezembro de 2006 e suas altera\u00e7\u00f5es.<\/p>\n<p>4 DA REVOGA\u00c7\u00c3O:<\/p>\n<p>4.1 A convoca\u00e7\u00e3o e\/ou as aulas complementares ser\u00e3o revogadas mediante a constata\u00e7\u00e3o das seguintes situa\u00e7\u00f5es:<\/p>\n<p>a) ocupa\u00e7\u00e3o da vaga por candidato aprovado em concurso p\u00fablico;<\/p>\n<p>b) retorno do professor substitu\u00eddo;<\/p>\n<p>c) remo\u00e7\u00e3o de professor efetivo para a unidade onde houver vaga pura;<\/p>\n<p>d) n\u00e3o apresenta\u00e7\u00e3o de bom desempenho de professor tempor\u00e1rio na reg\u00eancia de classe, comprovado mediante apresenta\u00e7\u00e3o de relat\u00f3rio, elaborado e assinado pela dire\u00e7\u00e3o e equipe da coordena\u00e7\u00e3o pedag\u00f3gica da unidade;<\/p>\n<p>e) a pedido do professor tempor\u00e1rio;<\/p>\n<p>f) quando houver extin\u00e7\u00e3o do posto de trabalho.<\/p>\n<p>5 DOS PRAZOS:<\/p>\n<p>5.1 A validade do quadro de reserva para professores tempor\u00e1rios ministrarem aulas na Rede Municipal de Ensino de Figueir\u00e3o\/MS ser\u00e1 at\u00e9 31 de dezembro de 2016.<\/p>\n<p>6 DAS DISPOSI\u00c7\u00d5ES FINAIS:<\/p>\n<p>6.1 A inscri\u00e7\u00e3o do candidato no quadro de reserva para professores tempor\u00e1rios ministrarem aulas na Rede Municipal de Ensino de Figueir\u00e3o\/MS implicar\u00e1 irrestrita aceita\u00e7\u00e3o das disposi\u00e7\u00f5es estabelecidas neste edital e em outros instrumentos normativos inerentes que forem publicados;<\/p>\n<p>6.2 \u00c9 de responsabilidade do diretor escolar a confer\u00eancia da veracidade dos documentos exigidos para convoca\u00e7\u00e3o do professor, conforme disposto no item 2.2.3;<\/p>\n<p>6.3 A qualquer tempo poder\u00e1 ser anulada a inscri\u00e7\u00e3o do candidato, revogada a convoca\u00e7\u00e3o ou canceladas as aulas complementares, caso se verifique alguma irregularidade nas declara\u00e7\u00f5es ou na documenta\u00e7\u00e3o apresentada, sem preju\u00edzo das san\u00e7\u00f5es penais cab\u00edveis impostas a ele, ou em decorr\u00eancia de quaisquer subitens do item 4.1 deste edital;<\/p>\n<p>6.4 O professor que tiver as aulas revogadas pelos motivos expostos no item 4.1, subitens a), b), c), e) e f), permanecer\u00e1 cadastrado no quadro de reserva para professores tempor\u00e1rios ministrarem aulas na Rede Municipal de Ensino de Figueir\u00e3o\/MS e poder\u00e1 ser novamente selecionado para ocupar outra fun\u00e7\u00e3o tempor\u00e1ria;<\/p>\n<p>6.5 A Secretaria Municipal de Educa\u00e7\u00e3o, Cultura e Esporte poder\u00e1, a qualquer tempo, para efeito de an\u00e1lise e sele\u00e7\u00e3o, solicitar informa\u00e7\u00f5es e\/ou esclarecimentos aos inclusos no quadro de reserva para professores tempor\u00e1rios ministrarem aulas na Rede Municipal de Ensino de Figueir\u00e3o\/MS;<\/p>\n<p>6.6 Os casos omissos ser\u00e3o resolvidos pela equipe organizadora, coordenadora e executora dos processos dispostos neste edital, com anu\u00eancia do Secret\u00e1rio Municipal de Educa\u00e7\u00e3o, Cultura e Esporte de Figueir\u00e3o\/MS.<\/p>\n<p>&nbsp;<\/p>\n<p>Figueir\u00e3o\/MS, 06 de janeiro de 2016.<\/p>\n<p>&nbsp;<\/p>\n<p align=\"center\">\n<p align=\"center\">Luciane Aimi Ramos<\/p>\n<p align=\"center\">Secret\u00e1ria Municipal de Educa\u00e7\u00e3o, Cultura e Esporte<\/p>\n<p align=\"center\">ANEXO I<\/p>\n<p align=\"center\">\n<p align=\"center\">DOS CARGOS, REQUISITOS E ATRIBUI\u00c7\u00d5ES<\/p>\n<p align=\"center\">\n<p>ATRIBUI\u00c7\u00d5ES DOS CARGOS:<\/p>\n<p>&#8211; Exercer as fun\u00e7\u00f5es de doc\u00eancia;<\/p>\n<p>&#8211; Promover o desenvolvimento integral da crian\u00e7a e do adolescente em seus aspectos f\u00edsico, psicol\u00f3gico, intelectual e social;<\/p>\n<p>&#8211; Participar da elabora\u00e7\u00e3o e\/ou revis\u00e3o do Projeto Pol\u00edtico Pedag\u00f3gico e do Regimento escolar da Unidade Escolar;<\/p>\n<p>&#8211; Elaborar planos de aula, avalia\u00e7\u00f5es e demais instrumentos solicitados;<\/p>\n<p>&#8211; Participar de cursos de treinamento, aperfei\u00e7oamento, atualiza\u00e7\u00e3o, Conselhos e outros;<\/p>\n<p>&#8211; Participar de outros eventos propostos pela Unidade Escolar e\/ou Secretaria de Educa\u00e7\u00e3o, Cultura e Esporte do Munic\u00edpio de Figueir\u00e3o\/MS.<\/p>\n<p>&nbsp;<\/p>\n<table border=\"1\" cellspacing=\"0\" cellpadding=\"0\">\n<tbody>\n<tr>\n<td>\n<p align=\"center\">\n<p align=\"center\">CARGO<\/p>\n<\/td>\n<td>\n<p align=\"center\">\n<p align=\"center\">ESCOLARIDADE\/REQUISITOS<\/p>\n<\/td>\n<td>\n<p align=\"center\">\n<p align=\"center\">COMPROVANTES<\/p>\n<p align=\"center\">\n<\/td>\n<\/tr>\n<tr>\n<td>&nbsp;<\/p>\n<p>&nbsp;<\/p>\n<p>&nbsp;<\/p>\n<p>Professor de Educa\u00e7\u00e3o Infantil<\/td>\n<td>&nbsp;<\/p>\n<p>Curso de Magist\u00e9rio;<\/p>\n<p>ou<\/p>\n<p>N\u00edvel Superior \u2013 Curso de Gradua\u00e7\u00e3o em Pedagogia, com habilita\u00e7\u00e3o em Educa\u00e7\u00e3o Infantil;<\/p>\n<p>ou<\/p>\n<p>Curso de Gradua\u00e7\u00e3o em Normal Superior, com habilita\u00e7\u00e3o em Educa\u00e7\u00e3o Infantil;<\/p>\n<p>&nbsp;<\/td>\n<td>&nbsp;<\/p>\n<p>Certificado ou Diploma de Conclus\u00e3o de Curso expedido pela Institui\u00e7\u00e3o de Ensino e reconhecido pelo MEC.<\/td>\n<\/tr>\n<tr>\n<td>&nbsp;<\/p>\n<p>&nbsp;<\/p>\n<p>&nbsp;<\/p>\n<p>Professor de<\/p>\n<p>Anos Iniciais<\/td>\n<td>&nbsp;<\/p>\n<p>Curso de Magist\u00e9rio;<\/p>\n<p>ou<\/p>\n<p>N\u00edvel Superior \u2013 Curso de Gradua\u00e7\u00e3o em Pedagogia, com habilita\u00e7\u00e3o em Anos Iniciais;<\/p>\n<p>ou<\/p>\n<p>Curso de Gradua\u00e7\u00e3o em Normal Superior, com habilita\u00e7\u00e3o em Anos Iniciais;<\/p>\n<p>&nbsp;<\/td>\n<td>&nbsp;<\/p>\n<p>Certificado ou Diploma de Conclus\u00e3o de Curso expedido pela Institui\u00e7\u00e3o de Ensino e reconhecido pelo MEC..<\/td>\n<\/tr>\n<tr>\n<td>&nbsp;<\/p>\n<p>Professor de \u00e1rea espec\u00edfica \u2013 Arte e Educa\u00e7\u00e3o F\u00edsica.<\/p>\n<p>&nbsp;<\/td>\n<td>&nbsp;<\/p>\n<p>N\u00edvel Superior \u2013 Curso de Licenciatura Plena, na \u00e1rea espec\u00edfica a que concorre.<\/td>\n<td>&nbsp;<\/p>\n<p>Certificado ou Diploma de Conclus\u00e3o de Curso expedido pela Institui\u00e7\u00e3o de Ensino e reconhecido pelo MEC.<\/p>\n<p>&nbsp;<\/td>\n<\/tr>\n<\/tbody>\n<\/table>\n<p>&nbsp;<\/p>\n<p align=\"center\">\n<p align=\"center\">\n<p align=\"center\">\n<p align=\"center\">\n<p align=\"center\">\n<p align=\"center\">\n<p align=\"center\">\n<p align=\"center\">ANEXO II<\/p>\n<p align=\"center\">\n<p>&nbsp;<\/p>\n<table border=\"1\" cellspacing=\"0\" cellpadding=\"0\">\n<tbody>\n<tr>\n<td>\n<p align=\"center\">\n<p align=\"center\">REQUERIMENTO DE INSCRI\u00c7\u00c3O<\/p>\n<p align=\"center\">\n<p>\u00a0\u00a0\u00a0\u00a0\u00a0\u00a0\u00a0\u00a0\u00a0\u00a0\u00a0\u00a0\u00a0\u00a0\u00a0\u00a0\u00a0\u00a0\u00a0\u00a0\u00a0\u00a0\u00a0 Venho requerer a V. Senhoria a minha inscri\u00e7\u00e3o no Processo Seletivo de Professores, manifestando minha candidatura na seguinte vaga:<\/p>\n<p>&nbsp;<\/p>\n<p>VAGA PRETENDIDA<\/p>\n<p>(\u00a0 ) Professor de Educa\u00e7\u00e3o Infantil (Escola Municipal Prof. Antonio In\u00e1cio Furtado \u2013 Polo);<\/p>\n<p>(\u00a0 ) Professor de Educa\u00e7\u00e3o Infantil (Escola Municipal Prof. Antonio In\u00e1cio Furtado \u2013 Extens\u00e3o);<\/p>\n<p>(\u00a0 ) Professor de Anos Iniciais (Escola Municipal Prof. Antonio In\u00e1cio Furtado \u2013 Polo);<\/p>\n<p>(\u00a0 ) Professor de Anos Iniciais (Escola Municipal Prof. Antonio In\u00e1cio Furtado \u2013 Extens\u00e3o);<\/p>\n<p>(\u00a0 ) Professor de \u00c1rea Espec\u00edfica (Escola Municipal Prof. Antonio In\u00e1cio Furtado \u2013 Polo);<\/p>\n<p>(\u00a0 ) Professor de \u00c1rea Espec\u00edfica (Escola Municipal Prof. Antonio In\u00e1cio Furtado \u2013 Extens\u00e3o);<\/p>\n<p>&nbsp;<\/td>\n<\/tr>\n<tr>\n<td>NOME:<\/td>\n<\/tr>\n<tr>\n<td>DATA NASC.:<\/td>\n<\/tr>\n<tr>\n<td>SEXO: (\u00a0 )FEMININO\u00a0\u00a0\u00a0 (\u00a0 )MASCULINO<\/td>\n<\/tr>\n<tr>\n<td>RG\/\u00d3RG\u00c3O EXPEDIDOR:<\/td>\n<\/tr>\n<tr>\n<td>CPF:<\/td>\n<\/tr>\n<tr>\n<td>T\u00cdTULO DE ELEITOR:<\/td>\n<\/tr>\n<tr>\n<td>TELEFONE:<\/td>\n<\/tr>\n<tr>\n<td>ENDERE\u00c7O:<\/td>\n<\/tr>\n<tr>\n<td>CEP:<\/td>\n<\/tr>\n<tr>\n<td>E-MAIL:<\/td>\n<\/tr>\n<tr>\n<td>FORMA\u00c7\u00c3O ACAD\u00caMICA:<\/td>\n<\/tr>\n<tr>\n<td>ESPECIALIZA\u00c7\u00c3O:<\/td>\n<\/tr>\n<tr>\n<td>&nbsp;<\/p>\n<p>DECLARO, junto a Secretaria Municipal de Educa\u00e7\u00e3o, que li atentamente e concordo com o Edital n\u00ba 01\/2016, que regulamenta o presente Cadastro de Professor Tempor\u00e1rio, para o ano de 2016. Assim como declaro verdadeiras as informa\u00e7\u00f5es preenchidas por mim, neste cadastro, tanto para obter convoca\u00e7\u00e3o, quanto para aulas complementares.<\/p>\n<p>&nbsp;<\/p>\n<p>Atenciosamente,<\/p>\n<p>&nbsp;<\/p>\n<p align=\"center\">________________________________________<\/p>\n<p align=\"center\">Assinatura do(a) Candidato(a)<\/p>\n<p align=\"center\">\n<p align=\"center\">\n<p align=\"right\">Figueir\u00e3o\/MS, ___de janeiro de 2016.<\/p>\n<p>&nbsp;<\/p>\n<p>&nbsp;<\/td>\n<\/tr>\n<\/tbody>\n<\/table>\n","protected":false},"excerpt":{"rendered":"<p>EDITAL DE ABERTURA DE PROCESSO SELETIVO DE PROFESSORES DA REDE MUNICIPAL DE ENSINO DE FIGUEIR\u00c3O\/MS \u00a0\u00a0\u00a0\u00a0\u00a0\u00a0\u00a0\u00a0\u00a0\u00a0\u00a0\u00a0\u00a0\u00a0\u00a0\u00a0\u00a0\u00a0\u00a0\u00a0\u00a0\u00a0\u00a0\u00a0\u00a0\u00a0\u00a0\u00a0\u00a0\u00a0\u00a0\u00a0\u00a0\u00a0 LUCIANE AIMI RAMOS, Secret\u00e1ria Municipal de Educa\u00e7\u00e3o, Cultura e Esporte, no uso de suas atribui\u00e7\u00f5es e com respaldo da Lei Complementar n. 019, de 18 de abril de 2013, respectivamente, torna p\u00fablica a abertura do cadastramento de professores, a [&hellip;]<\/p>\n","protected":false},"author":4,"featured_media":18211,"comment_status":"closed","ping_status":"closed","sticky":false,"template":"","format":"standard","meta":{"footnotes":""},"categories":[30],"tags":[],"class_list":["post-18274","post","type-post","status-publish","format-standard","has-post-thumbnail","hentry","category-figueirao"],"_links":{"self":[{"href":"https:\/\/www.ocorreionews.com.br\/acervo-correio\/index.php?rest_route=\/wp\/v2\/posts\/18274","targetHints":{"allow":["GET"]}}],"collection":[{"href":"https:\/\/www.ocorreionews.com.br\/acervo-correio\/index.php?rest_route=\/wp\/v2\/posts"}],"about":[{"href":"https:\/\/www.ocorreionews.com.br\/acervo-correio\/index.php?rest_route=\/wp\/v2\/types\/post"}],"author":[{"embeddable":true,"href":"https:\/\/www.ocorreionews.com.br\/acervo-correio\/index.php?rest_route=\/wp\/v2\/users\/4"}],"replies":[{"embeddable":true,"href":"https:\/\/www.ocorreionews.com.br\/acervo-correio\/index.php?rest_route=%2Fwp%2Fv2%2Fcomments&post=18274"}],"version-history":[{"count":0,"href":"https:\/\/www.ocorreionews.com.br\/acervo-correio\/index.php?rest_route=\/wp\/v2\/posts\/18274\/revisions"}],"wp:featuredmedia":[{"embeddable":true,"href":"https:\/\/www.ocorreionews.com.br\/acervo-correio\/index.php?rest_route=\/wp\/v2\/media\/18211"}],"wp:attachment":[{"href":"https:\/\/www.ocorreionews.com.br\/acervo-correio\/index.php?rest_route=%2Fwp%2Fv2%2Fmedia&parent=18274"}],"wp:term":[{"taxonomy":"category","embeddable":true,"href":"https:\/\/www.ocorreionews.com.br\/acervo-correio\/index.php?rest_route=%2Fwp%2Fv2%2Fcategories&post=18274"},{"taxonomy":"post_tag","embeddable":true,"href":"https:\/\/www.ocorreionews.com.br\/acervo-correio\/index.php?rest_route=%2Fwp%2Fv2%2Ftags&post=18274"}],"curies":[{"name":"wp","href":"https:\/\/api.w.org\/{rel}","templated":true}]}}