{"id":18279,"date":"2016-01-08T10:52:53","date_gmt":"2016-01-08T13:52:53","guid":{"rendered":"https:\/\/ocorreionews.com.br\/?p=18279"},"modified":"2016-01-08T14:23:22","modified_gmt":"2016-01-08T17:23:22","slug":"aviao-agricola-cai-e-deixa-os-dois-ocupantes-mortos-em-go","status":"publish","type":"post","link":"https:\/\/www.ocorreionews.com.br\/acervo-correio\/?p=18279","title":{"rendered":"Avi\u00e3o agr\u00edcola cai e deixa os dois ocupantes mortos em GO"},"content":{"rendered":"<blockquote>\n<h5>Queda ocorreu quando aeronave pulverizava lavoura de cana-de-a\u00e7\u00facar. Delegado diz que v\u00edtimas estavam carbonizadas e &#8216;abra\u00e7adas&#8217;; FAB vai apurar<\/h5>\n<\/blockquote>\n<p>Um avi\u00e3o agr\u00edcola caiu nesta quinta-feira (7) em uma fazenda de Bom Jesus de Goi\u00e1s, regi\u00e3o sul do estado. Segundo a Pol\u00edcia Civil, os dois ocupantes da aeronave, que ainda n\u00e3o foram identificados, morreram no acidente. A queda ocorreu quando o avi\u00e3o pulverizava uma lavoura de cana-de-a\u00e7\u00facar.<\/p>\n<p>Na queda, morreram Paulo Roberto Correia, de 32 anos, e Fabiano Pereira, de 28. Ambos tiveram os corpos carbonizados. De acordo com os bombeiros, um agricultor que estava em um trator percebeu a queda e acionou o socorro. Por\u00e9m, a dupla morreu ainda no local.<\/p>\n<p>De acordo com a For\u00e7a A\u00e9rea Brasileira (FAB), trata-se de um avi\u00e3o com a matr\u00edcula PR-INS, modelo T 188C &#8211; Cessna. A queda ocorreu por volta das 16h15.<\/p>\n<p>Segundo o delegado de Bom Jesus de Goi\u00e1s, Vicente de Paulo Silva e Oliveira, que est\u00e1 no local, o avi\u00e3o pegou fogo parcialmente. &#8220;A parte dianteira pegou fogo. As duas v\u00edtimas foram carbonizadas. O que chama a aten\u00e7\u00e3o \u00e9 que elas est\u00e3o abra\u00e7adas. As circunst\u00e2ncias da queda ser\u00e3o investigadas&#8221;, disse ao <strong>G1<\/strong>.<\/p>\n<p>Ele relatou ainda que testemunhas ouviram explos\u00f5es antes da queda. Por\u00e9m, o investigador afirmou que ainda n\u00e3o localizou ningu\u00e9m que tenha presenciado o acidente.<\/p>\n<p>Era regular a situa\u00e7\u00e3o do avi\u00e3o agr\u00edcola que caiu em uma fazenda de Bom Jesus de Goi\u00e1s, no sul do estado, matando os dois ocupantes, segundo informa\u00e7\u00f5es da Ag\u00eancia Nacional de Avia\u00e7\u00e3o Civil (Anac).<\/p>\n<p>De acordo com o \u00f3rg\u00e3o, o certificado de aeronavegabildade, documento necess\u00e1rio para que a aeronave possa voar, venceria somente em julho de 2020. J\u00e1 a Inspe\u00e7\u00e3o Anual de Manuten\u00e7\u00e3o (IAM), que avalia as condi\u00e7\u00f5es mec\u00e2nicas do avi\u00e3o, era v\u00e1lida at\u00e9 julho deste ano.<\/p>\n<div class=\"materia-assinatura-letra\">\n<div class=\"materia-assinatura\">\n<p class=\"vcard author\"><strong class=\"fn\">S\u00edlvio T\u00falio<\/strong><span class=\"adr\"><span class=\"locality\">Do G1 GO<\/span><\/span><\/p>\n<\/div>\n<\/div>\n<p>&nbsp;<\/p>\n<figure style=\"width: 620px\" class=\"wp-caption alignnone\"><img loading=\"lazy\" decoding=\"async\" title=\"Avi\u00e3o agr\u00edcola cai e deixa os dois ocupantes mortos em Goi\u00e1s, diz pol\u00edcia (Foto: Divulga\u00e7\u00e3o\/Pol\u00edcia Civil)\" src=\"http:\/\/s2.glbimg.com\/1WafXMQ-D1fNatovgwvKtdVLq-o=\/620x465\/s.glbimg.com\/jo\/g1\/f\/original\/2016\/01\/07\/aviao-2.jpg\" alt=\"\" width=\"620\" height=\"465\" \/><figcaption class=\"wp-caption-text\">Parte do avi\u00e3o pegou fogo e ficou completamente desutr\u00edda ap\u00f3s queda (Foto: Divulga\u00e7\u00e3o\/Pol\u00edcia Civil)<\/figcaption><\/figure>\n<div class=\"foto componente_materia midia-largura-620\">\n<p>&nbsp;<\/p>\n<\/div>\n","protected":false},"excerpt":{"rendered":"<p>Queda ocorreu quando aeronave pulverizava lavoura de cana-de-a\u00e7\u00facar. Delegado diz que v\u00edtimas estavam carbonizadas e &#8216;abra\u00e7adas&#8217;; FAB vai apurar Um avi\u00e3o agr\u00edcola caiu nesta quinta-feira (7) em uma fazenda de Bom Jesus de Goi\u00e1s, regi\u00e3o sul do estado. Segundo a Pol\u00edcia Civil, os dois ocupantes da aeronave, que ainda n\u00e3o foram identificados, morreram no acidente. [&hellip;]<\/p>\n","protected":false},"author":4,"featured_media":18293,"comment_status":"closed","ping_status":"closed","sticky":false,"template":"","format":"standard","meta":{"footnotes":""},"categories":[17,38],"tags":[],"class_list":["post-18279","post","type-post","status-publish","format-standard","has-post-thumbnail","hentry","category-agropecuaria","category-policia"],"_links":{"self":[{"href":"https:\/\/www.ocorreionews.com.br\/acervo-correio\/index.php?rest_route=\/wp\/v2\/posts\/18279","targetHints":{"allow":["GET"]}}],"collection":[{"href":"https:\/\/www.ocorreionews.com.br\/acervo-correio\/index.php?rest_route=\/wp\/v2\/posts"}],"about":[{"href":"https:\/\/www.ocorreionews.com.br\/acervo-correio\/index.php?rest_route=\/wp\/v2\/types\/post"}],"author":[{"embeddable":true,"href":"https:\/\/www.ocorreionews.com.br\/acervo-correio\/index.php?rest_route=\/wp\/v2\/users\/4"}],"replies":[{"embeddable":true,"href":"https:\/\/www.ocorreionews.com.br\/acervo-correio\/index.php?rest_route=%2Fwp%2Fv2%2Fcomments&post=18279"}],"version-history":[{"count":0,"href":"https:\/\/www.ocorreionews.com.br\/acervo-correio\/index.php?rest_route=\/wp\/v2\/posts\/18279\/revisions"}],"wp:featuredmedia":[{"embeddable":true,"href":"https:\/\/www.ocorreionews.com.br\/acervo-correio\/index.php?rest_route=\/wp\/v2\/media\/18293"}],"wp:attachment":[{"href":"https:\/\/www.ocorreionews.com.br\/acervo-correio\/index.php?rest_route=%2Fwp%2Fv2%2Fmedia&parent=18279"}],"wp:term":[{"taxonomy":"category","embeddable":true,"href":"https:\/\/www.ocorreionews.com.br\/acervo-correio\/index.php?rest_route=%2Fwp%2Fv2%2Fcategories&post=18279"},{"taxonomy":"post_tag","embeddable":true,"href":"https:\/\/www.ocorreionews.com.br\/acervo-correio\/index.php?rest_route=%2Fwp%2Fv2%2Ftags&post=18279"}],"curies":[{"name":"wp","href":"https:\/\/api.w.org\/{rel}","templated":true}]}}