{"id":183290,"date":"2021-08-20T06:06:48","date_gmt":"2021-08-20T10:06:48","guid":{"rendered":"https:\/\/www.ocorreionews.com.br\/acervo-correio\/?p=183290"},"modified":"2021-08-20T06:06:48","modified_gmt":"2021-08-20T10:06:48","slug":"paraiso-das-aguas-registrou-a-16a-vitima-do-covid-19","status":"publish","type":"post","link":"https:\/\/www.ocorreionews.com.br\/acervo-correio\/?p=183290","title":{"rendered":"Paraiso das Aguas registrou a 16\u00aa vitima do Covid 19"},"content":{"rendered":"<p>Faleceu na noite desta quinta-feira(19) na Funda\u00e7\u00e3o Hospitalar de Costa Rica (FHC) a 16\u00aa v\u00edtima de Covid-19, Santos\u00a0 Jorge Lima Oliveira, de 66 anos de idade.<\/p>\n<p>Santos Jorge era morador de Para\u00edso das \u00c1guas e estava entubado. Esteve internado durante 18 dias e acabou n\u00e3o resistindo \u00e0s complica\u00e7\u00f5es causadas pela Covid-19.<\/p>\n<p>Ele havia sido imunizado com as duas doses do imunizante CoronaVac, mas contraiu a doen\u00e7a e teve graves complica\u00e7\u00f5es.<\/p>\n<p>Ele deixa esposa (Maria de Lourdes) e filhos (Ra\u00ed e Rodrigo).<\/p>\n<p>Seu corpo ser\u00e1 transladado para Para\u00edso das \u00c1guas, onde ser\u00e1 preparado. O vel\u00f3rio e sepultamento deve ocorrer no Rio Grande do Sul, conforme informou a Funer\u00e1ria S\u00e3o Judas Tadeu, respons\u00e1vel pelos atos f\u00fanebres.<\/p>\n<p>Santos Jorge era um antigo morador da regi\u00e3o. Trabalhou por um longo per\u00edodo na regi\u00e3o rural. Possu\u00eda propriedade no Assentamento Mateira e cultivou grandes amizades.<\/p>\n<p><span style=\"font-family: Verdana;\">Uma pessoa respeitada e muito querida.<\/span><\/p>\n","protected":false},"excerpt":{"rendered":"<p>Faleceu na noite desta quinta-feira(19) na Funda\u00e7\u00e3o Hospitalar de Costa Rica (FHC) a 16\u00aa v\u00edtima de Covid-19, Santos\u00a0 Jorge Lima Oliveira, de 66 anos de idade. Santos Jorge era morador de Para\u00edso das \u00c1guas e estava entubado. Esteve internado durante 18 dias e acabou n\u00e3o resistindo \u00e0s complica\u00e7\u00f5es causadas pela Covid-19. Ele havia sido imunizado [&hellip;]<\/p>\n","protected":false},"author":4,"featured_media":183291,"comment_status":"closed","ping_status":"closed","sticky":false,"template":"","format":"standard","meta":{"footnotes":""},"categories":[36],"tags":[],"class_list":["post-183290","post","type-post","status-publish","format-standard","has-post-thumbnail","hentry","category-paraiso-das-aguas"],"_links":{"self":[{"href":"https:\/\/www.ocorreionews.com.br\/acervo-correio\/index.php?rest_route=\/wp\/v2\/posts\/183290","targetHints":{"allow":["GET"]}}],"collection":[{"href":"https:\/\/www.ocorreionews.com.br\/acervo-correio\/index.php?rest_route=\/wp\/v2\/posts"}],"about":[{"href":"https:\/\/www.ocorreionews.com.br\/acervo-correio\/index.php?rest_route=\/wp\/v2\/types\/post"}],"author":[{"embeddable":true,"href":"https:\/\/www.ocorreionews.com.br\/acervo-correio\/index.php?rest_route=\/wp\/v2\/users\/4"}],"replies":[{"embeddable":true,"href":"https:\/\/www.ocorreionews.com.br\/acervo-correio\/index.php?rest_route=%2Fwp%2Fv2%2Fcomments&post=183290"}],"version-history":[{"count":1,"href":"https:\/\/www.ocorreionews.com.br\/acervo-correio\/index.php?rest_route=\/wp\/v2\/posts\/183290\/revisions"}],"predecessor-version":[{"id":183292,"href":"https:\/\/www.ocorreionews.com.br\/acervo-correio\/index.php?rest_route=\/wp\/v2\/posts\/183290\/revisions\/183292"}],"wp:featuredmedia":[{"embeddable":true,"href":"https:\/\/www.ocorreionews.com.br\/acervo-correio\/index.php?rest_route=\/wp\/v2\/media\/183291"}],"wp:attachment":[{"href":"https:\/\/www.ocorreionews.com.br\/acervo-correio\/index.php?rest_route=%2Fwp%2Fv2%2Fmedia&parent=183290"}],"wp:term":[{"taxonomy":"category","embeddable":true,"href":"https:\/\/www.ocorreionews.com.br\/acervo-correio\/index.php?rest_route=%2Fwp%2Fv2%2Fcategories&post=183290"},{"taxonomy":"post_tag","embeddable":true,"href":"https:\/\/www.ocorreionews.com.br\/acervo-correio\/index.php?rest_route=%2Fwp%2Fv2%2Ftags&post=183290"}],"curies":[{"name":"wp","href":"https:\/\/api.w.org\/{rel}","templated":true}]}}