{"id":183294,"date":"2021-08-20T07:34:39","date_gmt":"2021-08-20T11:34:39","guid":{"rendered":"https:\/\/www.ocorreionews.com.br\/acervo-correio\/?p=183294"},"modified":"2021-08-20T07:34:39","modified_gmt":"2021-08-20T11:34:39","slug":"chapadao-do-ceu-registra-mais-uma-morte-por-covid-19","status":"publish","type":"post","link":"https:\/\/www.ocorreionews.com.br\/acervo-correio\/?p=183294","title":{"rendered":"Chapad\u00e3o do C\u00e9u registra mais uma morte por Covid 19"},"content":{"rendered":"<p>O Boletim Epidemiol\u00f3gico da A Secretaria Municipal de Sa\u00fade da quinta-feira 19, confirma a morte de mais uma pessoas pelo Virus Covid 19, no munic\u00edpio. Trata-se de um homem de 79 anos.<\/p>\n<p>Segundo o Boletim O paciente deu entrada no hospital dia 08\/08 e faleceu no dia 15\/08. O munic\u00edpio totaliza agora 31 mortes pelo v\u00edrus.<\/p>\n<p>O munic\u00edpio tem ainda 157 casos suspeitos, 70 em isolamento e 04 hospitalizado. 2144 pessoas contra\u00edram o virius, dessas 2039 foram curadas. Veja abaixo o BO<\/p>\n","protected":false},"excerpt":{"rendered":"<p>O Boletim Epidemiol\u00f3gico da A Secretaria Municipal de Sa\u00fade da quinta-feira 19, confirma a morte de mais uma pessoas pelo Virus Covid 19, no munic\u00edpio. Trata-se de um homem de 79 anos. Segundo o Boletim O paciente deu entrada no hospital dia 08\/08 e faleceu no dia 15\/08. O munic\u00edpio totaliza agora 31 mortes pelo [&hellip;]<\/p>\n","protected":false},"author":4,"featured_media":173998,"comment_status":"closed","ping_status":"closed","sticky":false,"template":"","format":"standard","meta":{"footnotes":""},"categories":[22],"tags":[],"class_list":["post-183294","post","type-post","status-publish","format-standard","has-post-thumbnail","hentry","category-chapadao-do-ceu"],"_links":{"self":[{"href":"https:\/\/www.ocorreionews.com.br\/acervo-correio\/index.php?rest_route=\/wp\/v2\/posts\/183294","targetHints":{"allow":["GET"]}}],"collection":[{"href":"https:\/\/www.ocorreionews.com.br\/acervo-correio\/index.php?rest_route=\/wp\/v2\/posts"}],"about":[{"href":"https:\/\/www.ocorreionews.com.br\/acervo-correio\/index.php?rest_route=\/wp\/v2\/types\/post"}],"author":[{"embeddable":true,"href":"https:\/\/www.ocorreionews.com.br\/acervo-correio\/index.php?rest_route=\/wp\/v2\/users\/4"}],"replies":[{"embeddable":true,"href":"https:\/\/www.ocorreionews.com.br\/acervo-correio\/index.php?rest_route=%2Fwp%2Fv2%2Fcomments&post=183294"}],"version-history":[{"count":1,"href":"https:\/\/www.ocorreionews.com.br\/acervo-correio\/index.php?rest_route=\/wp\/v2\/posts\/183294\/revisions"}],"predecessor-version":[{"id":183295,"href":"https:\/\/www.ocorreionews.com.br\/acervo-correio\/index.php?rest_route=\/wp\/v2\/posts\/183294\/revisions\/183295"}],"wp:featuredmedia":[{"embeddable":true,"href":"https:\/\/www.ocorreionews.com.br\/acervo-correio\/index.php?rest_route=\/wp\/v2\/media\/173998"}],"wp:attachment":[{"href":"https:\/\/www.ocorreionews.com.br\/acervo-correio\/index.php?rest_route=%2Fwp%2Fv2%2Fmedia&parent=183294"}],"wp:term":[{"taxonomy":"category","embeddable":true,"href":"https:\/\/www.ocorreionews.com.br\/acervo-correio\/index.php?rest_route=%2Fwp%2Fv2%2Fcategories&post=183294"},{"taxonomy":"post_tag","embeddable":true,"href":"https:\/\/www.ocorreionews.com.br\/acervo-correio\/index.php?rest_route=%2Fwp%2Fv2%2Ftags&post=183294"}],"curies":[{"name":"wp","href":"https:\/\/api.w.org\/{rel}","templated":true}]}}