{"id":18375,"date":"2016-01-09T09:28:12","date_gmt":"2016-01-09T12:28:12","guid":{"rendered":"https:\/\/ocorreionews.com.br\/?p=18375"},"modified":"2016-01-09T09:28:12","modified_gmt":"2016-01-09T12:28:12","slug":"morre-ex-prefeito-de-figueirao","status":"publish","type":"post","link":"https:\/\/www.ocorreionews.com.br\/acervo-correio\/?p=18375","title":{"rendered":"Morre ex-prefeito de Figueir\u00e3o"},"content":{"rendered":"<p>Afastadodo cargo de prefeito em mar\u00e7o de 2015\u00a0depois de eleito em elei\u00e7\u00e3o suplementar, o ex-prefeito de Figueir\u00e3o, distante 244 quil\u00f4metros da Capital, morreu na madrugada deste s\u00e1bado (9). Neilo Cunha tinha 39 anos e morreu em Campo Grande v\u00edtima de uma anemia profunda, segundo a fam\u00edlia.<\/p>\n<p>H\u00e1 cerca de 30 dias, Neilo foi trazido por parentes para Campo Grande. Ele foi diagnosticado com anemia e o quadro cl\u00ednico s\u00f3 piorou. H\u00e1 15 dias, ele foi internado na Cl\u00ednica Campo Grande e teve de ser transferido para a Unidade de Terapia Intensiva (UTI).<\/p>\n<p>Prima do ex-prefeito, Marinalva Paniago conta que Neilo sempre teve boa sa\u00fade e os m\u00e9dicos ainda n\u00e3o detalharam o motivo de uma anemia t\u00e3o profunda. \u201cEle s\u00f3 foi ficando mais debilitado a cada dia e morreu nessa madrugada\u201d, lamenta a prima.<\/p>\n<p><strong>HIST\u00d3RIA<\/strong><\/p>\n<p>Neilo\u00a0nasceu em Tr\u00eas Lagoas e era professor de Hist\u00f3ria na Rede Estadual de Ensino de Figueir\u00e3o. Em 2005 deixou a carreira acad\u00eamica para se candidatar ao cargo de vereador da cidade. Ele venceu as elei\u00e7\u00f5es por tr\u00eas mandatos consecutivos e chegou a presidir a C\u00e2mara Municipal nos anos 2008 e 2009.<\/p>\n<p>Em setembro de 2013, em elei\u00e7\u00e3o suplementar,\u00a0Neilo foi eleito prefeito de Figueir\u00e3o com 50,31% dos votos v\u00e1lidos. Ele assumiu o cargo no lugar de Get\u00falio Furtado Barbosa (PMDB), que teve o mandato cassado em abril do mesmo ano por abuso de poder econ\u00f4mico.<\/p>\n<p>Neilo comandou a cidade at\u00e9 mar\u00e7o do ano passado, quando o Tribunal Superior Eleitoral (TSE) cancelou a elei\u00e7\u00e3o suplementar da cidade. Atualmente o prefeito de Figueir\u00e3o \u00e9 Rog\u00e9rio Rodrigues Rosalin, vice de Get\u00falio.<\/p>\n<p>O corpo de Neilo ser\u00e1 levado para Figueir\u00e3o ainda hoje. O vel\u00f3rio acontecer\u00e1 na C\u00e2mara Municipal da cidade e o sepultamento deve ocorrer neste domingo (10)<\/p>\n<p><big>ALINY MARY DIAS<\/big> correio do estaqdo<\/p>\n","protected":false},"excerpt":{"rendered":"<p>Afastadodo cargo de prefeito em mar\u00e7o de 2015\u00a0depois de eleito em elei\u00e7\u00e3o suplementar, o ex-prefeito de Figueir\u00e3o, distante 244 quil\u00f4metros da Capital, morreu na madrugada deste s\u00e1bado (9). Neilo Cunha tinha 39 anos e morreu em Campo Grande v\u00edtima de uma anemia profunda, segundo a fam\u00edlia. H\u00e1 cerca de 30 dias, Neilo foi trazido por [&hellip;]<\/p>\n","protected":false},"author":4,"featured_media":18376,"comment_status":"closed","ping_status":"closed","sticky":false,"template":"","format":"standard","meta":{"footnotes":""},"categories":[30],"tags":[],"class_list":["post-18375","post","type-post","status-publish","format-standard","has-post-thumbnail","hentry","category-figueirao"],"_links":{"self":[{"href":"https:\/\/www.ocorreionews.com.br\/acervo-correio\/index.php?rest_route=\/wp\/v2\/posts\/18375","targetHints":{"allow":["GET"]}}],"collection":[{"href":"https:\/\/www.ocorreionews.com.br\/acervo-correio\/index.php?rest_route=\/wp\/v2\/posts"}],"about":[{"href":"https:\/\/www.ocorreionews.com.br\/acervo-correio\/index.php?rest_route=\/wp\/v2\/types\/post"}],"author":[{"embeddable":true,"href":"https:\/\/www.ocorreionews.com.br\/acervo-correio\/index.php?rest_route=\/wp\/v2\/users\/4"}],"replies":[{"embeddable":true,"href":"https:\/\/www.ocorreionews.com.br\/acervo-correio\/index.php?rest_route=%2Fwp%2Fv2%2Fcomments&post=18375"}],"version-history":[{"count":0,"href":"https:\/\/www.ocorreionews.com.br\/acervo-correio\/index.php?rest_route=\/wp\/v2\/posts\/18375\/revisions"}],"wp:featuredmedia":[{"embeddable":true,"href":"https:\/\/www.ocorreionews.com.br\/acervo-correio\/index.php?rest_route=\/wp\/v2\/media\/18376"}],"wp:attachment":[{"href":"https:\/\/www.ocorreionews.com.br\/acervo-correio\/index.php?rest_route=%2Fwp%2Fv2%2Fmedia&parent=18375"}],"wp:term":[{"taxonomy":"category","embeddable":true,"href":"https:\/\/www.ocorreionews.com.br\/acervo-correio\/index.php?rest_route=%2Fwp%2Fv2%2Fcategories&post=18375"},{"taxonomy":"post_tag","embeddable":true,"href":"https:\/\/www.ocorreionews.com.br\/acervo-correio\/index.php?rest_route=%2Fwp%2Fv2%2Ftags&post=18375"}],"curies":[{"name":"wp","href":"https:\/\/api.w.org\/{rel}","templated":true}]}}