{"id":18378,"date":"2016-01-09T10:30:10","date_gmt":"2016-01-09T13:30:10","guid":{"rendered":"https:\/\/ocorreionews.com.br\/?p=18378"},"modified":"2016-01-09T10:40:50","modified_gmt":"2016-01-09T13:40:50","slug":"prefeitura-aditiva-contrato-com-a-repran","status":"publish","type":"post","link":"https:\/\/www.ocorreionews.com.br\/acervo-correio\/?p=18378","title":{"rendered":"Prefeitura aditiva contrato com a REPRAN"},"content":{"rendered":"<p style=\"text-align: justify;\">A administra\u00e7\u00e3o municipal de Chapad\u00e3o do Sul, publicou no Di\u00e1rio Oficial de ontem (08), o extrato do termo aditivo, coma empresa REPRAN Reciclagem e Preserva\u00e7\u00e3o Ambiental Ltda., por mais tr\u00eas meses. O contrato da empresa, que \u00e9 respons\u00e1vel pela a limpeza da cidade, venceu no m\u00eas de dezembro.<\/p>\n<p style=\"text-align: justify;\">A empresa presta um p\u00e9ssimo servi\u00e7o na limpeza da cidade. A popula\u00e7\u00e3o j\u00e1 se manifestou por varias vezes contra a ela. Mas, teimosamente o prefeito contraria a vontade popular e renova o contrato.<\/p>\n<p style=\"text-align: justify;\">O site da prefeitura publicou uma mat\u00e9ria onde mostra o prefeito e seus secret\u00e1rios reunidos com outras pessoas, que segundo o site, assumiram o controle da empresa e que prometeram que v\u00e3o fazer uma nova gest\u00e3o. Por essas promessas a administra\u00e7\u00e3o resolveu aditivar os 02 contratos com a empresa, por mais 90 dias, para ver se a empresa mostre servi\u00e7o. (Alguma duvida que nesse per\u00edodo a cidade esteja um pouco mais limpa?).<\/p>\n<p style=\"text-align: justify;\">No Brasil \u00e9 comum empresas mudaram de acionistas ou propriet\u00e1rios, principalmente em v\u00e9spera de renova\u00e7\u00e3o de contratos e tudo indica que essa \u00e9 mais uma jogada. Essa mesma empresa, j\u00e1 trocou de nome e de seus diretores propriet\u00e1rios duas vezes aqui em Chapad\u00e3o do Sul. O curioso \u00e9 que a troca sempre ocorreu no final de ano.<\/p>\n<p style=\"text-align: justify;\">No ano passado, ap\u00f3s varias reclama\u00e7\u00f5es de toda a popula\u00e7\u00e3o, um edital de licita\u00e7\u00e3o para contrata\u00e7\u00e3o de outra empresa para este setor foi aberto. A nossa reportagem descobriu algumas irregularidade e fez a denuncia. Fato que levou a administra\u00e7\u00e3o a cancelar o edital e afirmar nos meios de comunica\u00e7\u00e3o que seria feito a corre\u00e7\u00e3o e o edital publicado novamente. Desde o anuncio mais de 120 dias j\u00e1 se passaram e n\u00e3o foi feito.<\/p>\n<p style=\"text-align: justify;\">A noticia publicada ontem, pegou muita gente de surpresa, que esperava que o prefeito cumprisse o que ele afirmou nos microfones da r\u00e1dio da cidade, que a empresa n\u00e3o estava prestando um bom servi\u00e7o, n\u00e3o estava cumprindo o contrato e que iria fazer outra licita\u00e7\u00e3o. Mas, o que se viu foi o contrario. Ou seja, deu carta branca para o continu\u00edsmo.<\/p>\n<p style=\"text-align: justify;\">Vale lembrar que os contratos da empresa ultrapassam a casa de R$ 1,5 milh\u00e3o de\u00a0 reais<\/p>\n","protected":false},"excerpt":{"rendered":"<p>A administra\u00e7\u00e3o municipal de Chapad\u00e3o do Sul, publicou no Di\u00e1rio Oficial de ontem (08), o extrato do termo aditivo, coma empresa REPRAN Reciclagem e Preserva\u00e7\u00e3o Ambiental Ltda., por mais tr\u00eas meses. O contrato da empresa, que \u00e9 respons\u00e1vel pela a limpeza da cidade, venceu no m\u00eas de dezembro. A empresa presta um p\u00e9ssimo servi\u00e7o na [&hellip;]<\/p>\n","protected":false},"author":4,"featured_media":18379,"comment_status":"closed","ping_status":"closed","sticky":false,"template":"","format":"standard","meta":{"footnotes":""},"categories":[23],"tags":[],"class_list":["post-18378","post","type-post","status-publish","format-standard","has-post-thumbnail","hentry","category-chapadao-do-sul"],"_links":{"self":[{"href":"https:\/\/www.ocorreionews.com.br\/acervo-correio\/index.php?rest_route=\/wp\/v2\/posts\/18378","targetHints":{"allow":["GET"]}}],"collection":[{"href":"https:\/\/www.ocorreionews.com.br\/acervo-correio\/index.php?rest_route=\/wp\/v2\/posts"}],"about":[{"href":"https:\/\/www.ocorreionews.com.br\/acervo-correio\/index.php?rest_route=\/wp\/v2\/types\/post"}],"author":[{"embeddable":true,"href":"https:\/\/www.ocorreionews.com.br\/acervo-correio\/index.php?rest_route=\/wp\/v2\/users\/4"}],"replies":[{"embeddable":true,"href":"https:\/\/www.ocorreionews.com.br\/acervo-correio\/index.php?rest_route=%2Fwp%2Fv2%2Fcomments&post=18378"}],"version-history":[{"count":0,"href":"https:\/\/www.ocorreionews.com.br\/acervo-correio\/index.php?rest_route=\/wp\/v2\/posts\/18378\/revisions"}],"wp:featuredmedia":[{"embeddable":true,"href":"https:\/\/www.ocorreionews.com.br\/acervo-correio\/index.php?rest_route=\/wp\/v2\/media\/18379"}],"wp:attachment":[{"href":"https:\/\/www.ocorreionews.com.br\/acervo-correio\/index.php?rest_route=%2Fwp%2Fv2%2Fmedia&parent=18378"}],"wp:term":[{"taxonomy":"category","embeddable":true,"href":"https:\/\/www.ocorreionews.com.br\/acervo-correio\/index.php?rest_route=%2Fwp%2Fv2%2Fcategories&post=18378"},{"taxonomy":"post_tag","embeddable":true,"href":"https:\/\/www.ocorreionews.com.br\/acervo-correio\/index.php?rest_route=%2Fwp%2Fv2%2Ftags&post=18378"}],"curies":[{"name":"wp","href":"https:\/\/api.w.org\/{rel}","templated":true}]}}