{"id":18384,"date":"2016-01-10T09:11:31","date_gmt":"2016-01-10T12:11:31","guid":{"rendered":"https:\/\/ocorreionews.com.br\/?p=18384"},"modified":"2016-01-10T09:11:31","modified_gmt":"2016-01-10T12:11:31","slug":"mae-mata-mulher-e-alega-que-vitima-queimou-seu-filho-em-centro-de-macumba","status":"publish","type":"post","link":"https:\/\/www.ocorreionews.com.br\/acervo-correio\/?p=18384","title":{"rendered":"M\u00e3e mata mulher e alega que v\u00edtima queimou seu filho em &#8216;centro de macumba&#8217;"},"content":{"rendered":"<div class=\"content\">\n<div class=\"field field-name-body field-type-text-with-summary field-label-hidden\">\n<div class=\"field-items\">\n<div class=\"field-item even\">\n<p>Uma mulher, de 34 anos, suspeita de assassinar uma mulher, de 31 anos, na cidade de Miranda, distante 202 quil\u00f4metros de Campo Grande, foi encaminhada para o pres\u00eddio de Dois Irm\u00e3os do Buriti, neste s\u00e1bado (9). Ela alegou que a v\u00edtima queimou seu filho &#8220;em um centro de macumba&#8221;.<\/p>\n<p>O crime aconteceu h\u00e1 dois dias, e segundo informa\u00e7\u00f5es policiais a mulher teria encontrado a v\u00edtima na rua, e com a ajuda de seu companheiro teria desferido v\u00e1rias facadas na mulher. Durante o esfaqueamento a mulher dizia que a v\u00edtima teria \u201cqueimado seu filho em um centro de macumba\u201d, e que, por isso, deveria morrer.<\/p>\n<p>Populares que tentaram ajudar a v\u00edtima foram impedidos pelo companheiro da autora, que afirmava que quem tentasse ajudar tamb\u00e9m iria morrer. A v\u00edtima teve perfura\u00e7\u00f5es nas costas, joelhos, barriga, bra\u00e7o e seios.<\/p>\n<div id=\"view-mm-noticias-saiba-mais-view-display-id-saiba_mais_right_block\" class=\"view view-mm-noticias-saiba-mais view-id-mm_noticias_saiba_mais view-display-id-saiba_mais_right_block saiba-mais-right view-dom-id-c42e3634806e55b109ed8d017c0e2050\"><\/div>\n<p>No dia do crime a pol\u00edcia foi acionada, mas n\u00e3o localizou os autores que j\u00e1 haviam fugido. Nessa sexta-feira (8), a mulher apresentou-se na delegacia e neste s\u00e1bado (9) foi encaminhada para o pres\u00eddio de Dois Irm\u00e3os do Buriti.<\/p>\n<p><span class=\"author\">Thatiana Melo<\/span> midiamax<\/p>\n<\/div>\n<\/div>\n<\/div>\n<\/div>\n","protected":false},"excerpt":{"rendered":"<p>Uma mulher, de 34 anos, suspeita de assassinar uma mulher, de 31 anos, na cidade de Miranda, distante 202 quil\u00f4metros de Campo Grande, foi encaminhada para o pres\u00eddio de Dois Irm\u00e3os do Buriti, neste s\u00e1bado (9). Ela alegou que a v\u00edtima queimou seu filho &#8220;em um centro de macumba&#8221;. O crime aconteceu h\u00e1 dois dias, [&hellip;]<\/p>\n","protected":false},"author":4,"featured_media":18385,"comment_status":"closed","ping_status":"closed","sticky":false,"template":"","format":"standard","meta":{"footnotes":""},"categories":[38],"tags":[],"class_list":["post-18384","post","type-post","status-publish","format-standard","has-post-thumbnail","hentry","category-policia"],"_links":{"self":[{"href":"https:\/\/www.ocorreionews.com.br\/acervo-correio\/index.php?rest_route=\/wp\/v2\/posts\/18384","targetHints":{"allow":["GET"]}}],"collection":[{"href":"https:\/\/www.ocorreionews.com.br\/acervo-correio\/index.php?rest_route=\/wp\/v2\/posts"}],"about":[{"href":"https:\/\/www.ocorreionews.com.br\/acervo-correio\/index.php?rest_route=\/wp\/v2\/types\/post"}],"author":[{"embeddable":true,"href":"https:\/\/www.ocorreionews.com.br\/acervo-correio\/index.php?rest_route=\/wp\/v2\/users\/4"}],"replies":[{"embeddable":true,"href":"https:\/\/www.ocorreionews.com.br\/acervo-correio\/index.php?rest_route=%2Fwp%2Fv2%2Fcomments&post=18384"}],"version-history":[{"count":0,"href":"https:\/\/www.ocorreionews.com.br\/acervo-correio\/index.php?rest_route=\/wp\/v2\/posts\/18384\/revisions"}],"wp:featuredmedia":[{"embeddable":true,"href":"https:\/\/www.ocorreionews.com.br\/acervo-correio\/index.php?rest_route=\/wp\/v2\/media\/18385"}],"wp:attachment":[{"href":"https:\/\/www.ocorreionews.com.br\/acervo-correio\/index.php?rest_route=%2Fwp%2Fv2%2Fmedia&parent=18384"}],"wp:term":[{"taxonomy":"category","embeddable":true,"href":"https:\/\/www.ocorreionews.com.br\/acervo-correio\/index.php?rest_route=%2Fwp%2Fv2%2Fcategories&post=18384"},{"taxonomy":"post_tag","embeddable":true,"href":"https:\/\/www.ocorreionews.com.br\/acervo-correio\/index.php?rest_route=%2Fwp%2Fv2%2Ftags&post=18384"}],"curies":[{"name":"wp","href":"https:\/\/api.w.org\/{rel}","templated":true}]}}