{"id":18387,"date":"2016-01-10T14:56:31","date_gmt":"2016-01-10T17:56:31","guid":{"rendered":"https:\/\/ocorreionews.com.br\/?p=18387"},"modified":"2016-01-10T15:09:08","modified_gmt":"2016-01-10T18:09:08","slug":"acidente-com-onibus-de-michel-telo-deixa-tres-mortos-no-parana-sul-chapadense-marcinho-passa-bem","status":"publish","type":"post","link":"https:\/\/www.ocorreionews.com.br\/acervo-correio\/?p=18387","title":{"rendered":"Acidente com \u00f4nibus de Michel Tel\u00f3 deixa tr\u00eas mortos no Paran\u00e1- sul-chapadense Marcinho passa bem"},"content":{"rendered":"<blockquote><p><em><strong>O Tecladista da Banda, Marcinho Hip\u00f3lito, que \u00e9 de Chapad\u00e3o do Sul estava dentro do \u00f4nibus e n\u00e3o teve ferimentos.<br \/>\n<\/strong><\/em><\/p><\/blockquote>\n<p>&nbsp;<\/p>\n<p>Tr\u00eas pessoas, dentre elas uma adolescente de 15 anos, morreram ap\u00f3s colis\u00e3o entre um ve\u00edculo Gol e o \u00f4nibus que transportava a equipe de m\u00fasicos de Michel Tel\u00f3, nana manh\u00e3 deste domingo (10), na BR 376 (Rodovia do Caf\u00e9), entre as cidades de Mau\u00e1 da Serra e Ortigueira, no Paran\u00e1. O acidente aconteceu na altura do km 322.<\/p>\n<p>Segundo informa\u00e7\u00f5es preliminares, o \u00f4nibus estava subindo a estrada de pista dupla, na faixa da direita e o carro atravessou a pista, atingindo o \u00f4nibus de frente. O Gol, que tem placas de Londrina, trazia quatro passageiros, dois adultos, a adolescente de 15 anos e uma crian\u00e7a de 8. Os adultos e a adolescente morreram no ato da colis\u00e3o. A crian\u00e7a seguiu numa ambul\u00e2ncia para o Hospital da Provid\u00eancia, em Apucarana.<\/p>\n<p>Segundo a pol\u00edcia civil de Ortigueira, os tr\u00eas ocupantes do Gol morreram na hora: Dirce Bussolin, Aparecido Jos\u00e9 Bernardes e uma jovem, ainda n\u00e3o identificada.<\/p>\n<p>O motorista do \u00f4nibus, que seria da equipe t\u00e9cnica do cantor Michel Tel\u00f3, sofreu ferimentos leves&#8221;, diz nota divulgada pelos socorristas. Os nomes das v\u00edtimas ainda n\u00e3o foram divulgados.<\/p>\n<p>&nbsp;<\/p>\n<p><strong>Veja o comunicado oficial da assessoria de imprensa de Michel Tel\u00f3:<\/strong><\/p>\n<p><em>&#8220;A BROTHERS comunica o acidente entre o \u00f4nibus da equipe do cantor Michel Tel\u00f3 e um carro.\u00a0 O acidente foi na BR-376, KM 322, a um Km do ped\u00e1gio de Ortigueira, \u00e0s 11h da manh\u00e3 do dia 10\/01. O \u00f4nibus estava subindo a estrada de pista dupla, na faixa da direita e o carro atravessou a pista, atingindo o \u00f4nibus de frente.<\/em><\/p>\n<p><em>\u00c9 com muito pesar que comunicamos que as tr\u00eas pessoas que estavam no carro faleceram. O motorista do \u00f4nibus teve ferimentos leves e foi encaminhado para observa\u00e7\u00e3o num hospital pr\u00f3ximo ao local do acidente, apenas por precau\u00e7\u00e3o. Ningu\u00e9m mais da equipe se machucou. O cantor Michel Tel\u00f3 n\u00e3o estava presente&#8221;.<\/em><\/p>\n<p><em><a href=\"https:\/\/ocorreionews.com.br\/wp-content\/uploads\/2016\/01\/tewlo2.jpg\" rel=\"attachment wp-att-18389\"><img loading=\"lazy\" decoding=\"async\" class=\"alignnone wp-image-18389 size-full\" src=\"https:\/\/ocorreionews.com.br\/wp-content\/uploads\/2016\/01\/tewlo2.jpg\" alt=\"tewlo2\" width=\"650\" height=\"480\" srcset=\"https:\/\/www.ocorreionews.com.br\/acervo-correio\/wp-content\/uploads\/2016\/01\/tewlo2.jpg 650w, https:\/\/www.ocorreionews.com.br\/acervo-correio\/wp-content\/uploads\/2016\/01\/tewlo2-300x222.jpg 300w, https:\/\/www.ocorreionews.com.br\/acervo-correio\/wp-content\/uploads\/2016\/01\/tewlo2-100x75.jpg 100w\" sizes=\"auto, (max-width: 650px) 100vw, 650px\" \/><\/a>\u00a0<\/em><\/p>\n<p><span class=\"author\">Guilherme Cavalcante, Kemila Pellin e Catarine Sturza &#8211; midiamaxnews<br \/>\n<\/span><\/p>\n","protected":false},"excerpt":{"rendered":"<p>O Tecladista da Banda, Marcinho Hip\u00f3lito, que \u00e9 de Chapad\u00e3o do Sul estava dentro do \u00f4nibus e n\u00e3o teve ferimentos. &nbsp; Tr\u00eas pessoas, dentre elas uma adolescente de 15 anos, morreram ap\u00f3s colis\u00e3o entre um ve\u00edculo Gol e o \u00f4nibus que transportava a equipe de m\u00fasicos de Michel Tel\u00f3, nana manh\u00e3 deste domingo (10), na [&hellip;]<\/p>\n","protected":false},"author":4,"featured_media":18388,"comment_status":"closed","ping_status":"closed","sticky":false,"template":"","format":"standard","meta":{"footnotes":""},"categories":[38],"tags":[],"class_list":["post-18387","post","type-post","status-publish","format-standard","has-post-thumbnail","hentry","category-policia"],"_links":{"self":[{"href":"https:\/\/www.ocorreionews.com.br\/acervo-correio\/index.php?rest_route=\/wp\/v2\/posts\/18387","targetHints":{"allow":["GET"]}}],"collection":[{"href":"https:\/\/www.ocorreionews.com.br\/acervo-correio\/index.php?rest_route=\/wp\/v2\/posts"}],"about":[{"href":"https:\/\/www.ocorreionews.com.br\/acervo-correio\/index.php?rest_route=\/wp\/v2\/types\/post"}],"author":[{"embeddable":true,"href":"https:\/\/www.ocorreionews.com.br\/acervo-correio\/index.php?rest_route=\/wp\/v2\/users\/4"}],"replies":[{"embeddable":true,"href":"https:\/\/www.ocorreionews.com.br\/acervo-correio\/index.php?rest_route=%2Fwp%2Fv2%2Fcomments&post=18387"}],"version-history":[{"count":0,"href":"https:\/\/www.ocorreionews.com.br\/acervo-correio\/index.php?rest_route=\/wp\/v2\/posts\/18387\/revisions"}],"wp:featuredmedia":[{"embeddable":true,"href":"https:\/\/www.ocorreionews.com.br\/acervo-correio\/index.php?rest_route=\/wp\/v2\/media\/18388"}],"wp:attachment":[{"href":"https:\/\/www.ocorreionews.com.br\/acervo-correio\/index.php?rest_route=%2Fwp%2Fv2%2Fmedia&parent=18387"}],"wp:term":[{"taxonomy":"category","embeddable":true,"href":"https:\/\/www.ocorreionews.com.br\/acervo-correio\/index.php?rest_route=%2Fwp%2Fv2%2Fcategories&post=18387"},{"taxonomy":"post_tag","embeddable":true,"href":"https:\/\/www.ocorreionews.com.br\/acervo-correio\/index.php?rest_route=%2Fwp%2Fv2%2Ftags&post=18387"}],"curies":[{"name":"wp","href":"https:\/\/api.w.org\/{rel}","templated":true}]}}