{"id":18392,"date":"2016-01-10T14:55:41","date_gmt":"2016-01-10T17:55:41","guid":{"rendered":"https:\/\/ocorreionews.com.br\/?p=18392"},"modified":"2016-01-10T17:05:06","modified_gmt":"2016-01-10T20:05:06","slug":"notii-prende-autores-de-tentativa-de-homicidio-em-chapadao","status":"publish","type":"post","link":"https:\/\/www.ocorreionews.com.br\/acervo-correio\/?p=18392","title":{"rendered":"NOTII prende autores de tentativa de homic\u00eddio em Chapad\u00e3o"},"content":{"rendered":"<p>Policias do NOTTI, prenderam em flagrantes dois indiv\u00edduos que tentaram contra a vida de Jos\u00e9 Alan, 23 , na Rua Maranh\u00e3, no Bairro Sibipiruna em Chapad\u00e3o do Sul.<\/p>\n<p>De posse das informa\u00e7\u00f5es das caracter\u00edsticas da dupla, os policias conseguiram em menos de uma hora prender Samuel 21 anos (camisa verde) e Jos\u00e9 S\u00e9rgio 34 anos (camisa preta), escondidos na casa de um parente, localizada na Rua P-20, no bairro Planalto.<\/p>\n<p>O fato<\/p>\n<p>Os policiais foram informados que pessoas estavam em um estabelecimento comercial, localizado na Avenida Maranh\u00e3o, Bairro Sibipiruna, bebendo e no local estava um dos agressores, Jos\u00e9 S\u00e9rgio, que estaria sendo provocado por xingamentos, pela v\u00edtima. Em determinado momento, Jos\u00e9 S\u00e9rgio comunicou, via WhatsApp, o seu irm\u00e3o, sobre o que estava acontecendo e este foi para uma esquina pr\u00f3ximo e ficou observando o movimento.<\/p>\n<p>Jos\u00e9 S\u00e9rgio, disse que viu quando o irm\u00e3o entrou na resid\u00eancia e a v\u00edtima puxou a faca. Ele ent\u00e3o foi em defesa do irm\u00e3o e agrediu a v\u00edtima com uma barra de ferro. A faca caiu e o irm\u00e3o, esfaqueou\u00a0 Jos\u00e9 Alan 23 anos.<\/p>\n<p>Informa\u00e7\u00f5es da Policia Civil<\/p>\n<p>BO36\/2016<\/p>\n","protected":false},"excerpt":{"rendered":"<p>Policias do NOTTI, prenderam em flagrantes dois indiv\u00edduos que tentaram contra a vida de Jos\u00e9 Alan, 23 , na Rua Maranh\u00e3, no Bairro Sibipiruna em Chapad\u00e3o do Sul. De posse das informa\u00e7\u00f5es das caracter\u00edsticas da dupla, os policias conseguiram em menos de uma hora prender Samuel 21 anos (camisa verde) e Jos\u00e9 S\u00e9rgio 34 anos [&hellip;]<\/p>\n","protected":false},"author":4,"featured_media":18402,"comment_status":"closed","ping_status":"closed","sticky":false,"template":"","format":"standard","meta":{"footnotes":""},"categories":[38],"tags":[],"class_list":["post-18392","post","type-post","status-publish","format-standard","has-post-thumbnail","hentry","category-policia"],"_links":{"self":[{"href":"https:\/\/www.ocorreionews.com.br\/acervo-correio\/index.php?rest_route=\/wp\/v2\/posts\/18392","targetHints":{"allow":["GET"]}}],"collection":[{"href":"https:\/\/www.ocorreionews.com.br\/acervo-correio\/index.php?rest_route=\/wp\/v2\/posts"}],"about":[{"href":"https:\/\/www.ocorreionews.com.br\/acervo-correio\/index.php?rest_route=\/wp\/v2\/types\/post"}],"author":[{"embeddable":true,"href":"https:\/\/www.ocorreionews.com.br\/acervo-correio\/index.php?rest_route=\/wp\/v2\/users\/4"}],"replies":[{"embeddable":true,"href":"https:\/\/www.ocorreionews.com.br\/acervo-correio\/index.php?rest_route=%2Fwp%2Fv2%2Fcomments&post=18392"}],"version-history":[{"count":0,"href":"https:\/\/www.ocorreionews.com.br\/acervo-correio\/index.php?rest_route=\/wp\/v2\/posts\/18392\/revisions"}],"wp:featuredmedia":[{"embeddable":true,"href":"https:\/\/www.ocorreionews.com.br\/acervo-correio\/index.php?rest_route=\/wp\/v2\/media\/18402"}],"wp:attachment":[{"href":"https:\/\/www.ocorreionews.com.br\/acervo-correio\/index.php?rest_route=%2Fwp%2Fv2%2Fmedia&parent=18392"}],"wp:term":[{"taxonomy":"category","embeddable":true,"href":"https:\/\/www.ocorreionews.com.br\/acervo-correio\/index.php?rest_route=%2Fwp%2Fv2%2Fcategories&post=18392"},{"taxonomy":"post_tag","embeddable":true,"href":"https:\/\/www.ocorreionews.com.br\/acervo-correio\/index.php?rest_route=%2Fwp%2Fv2%2Ftags&post=18392"}],"curies":[{"name":"wp","href":"https:\/\/api.w.org\/{rel}","templated":true}]}}