{"id":18407,"date":"2016-01-11T07:52:41","date_gmt":"2016-01-11T10:52:41","guid":{"rendered":"https:\/\/ocorreionews.com.br\/?p=18407"},"modified":"2016-01-11T07:52:41","modified_gmt":"2016-01-11T10:52:41","slug":"a-fundacao-chapadao-confirmou-o-1o-foco-de-ferrugem-na-cultura-da-soja-em-chapadao-do-sul","status":"publish","type":"post","link":"https:\/\/www.ocorreionews.com.br\/acervo-correio\/?p=18407","title":{"rendered":"A Funda\u00e7\u00e3o Chapad\u00e3o, confirmou o 1\u00ba Foco de Ferrugem na Cultura da Soja em Chapad\u00e3o do Sul"},"content":{"rendered":"<p>Dia 08 de janeiro, a Pesquisadora da Funda\u00e7\u00e3o Chapad\u00e3o Alexandra Botelho, procedeu a confirma\u00e7\u00e3o do primeiro foco de ferrugem asi\u00e1tica na cultura da soja, na safra 2015\/16, precisamente no munic\u00edpio de Chapad\u00e3o do Sul, MS. Segundo a pesquisadora, respons\u00e1vel pelo laborat\u00f3rio de diagnose da Funda\u00e7\u00e3o Chapad\u00e3o, a folha com ferrugem foi enviada pelo consultor Isandro Salbego da revenda Agromano. Segundo o consultor a cultivar \u00e9 NA 7237, estando no est\u00e1gio R 5.4 (fase final de enchimento de gr\u00e3os). Na \u00e1rea do foco o produtor ja havia efetivado duas aplica\u00e7\u00f5es com fungicida espec\u00edfico para o controle da ferrugem.<\/p>\n<p>O diretor e pesquisador da Funda\u00e7\u00e3o Edson Borges, vinha alertando aos produtores quanto a esta poss\u00edvel ocorr\u00eancia, pois v\u00e1rios focos j\u00e1 haviam sendo registrado em Rio Verde, GO, Carpo Verde e Primavera do Leste, MT e Chapad\u00e3o do Sul, MS, al\u00e9m das condi\u00e7\u00f5es de clima (umidade e temperatura) estavam propicia ao desenvolvimento da doen\u00e7a, e o vento soprando da regi\u00e3o dos focos para nossa regi\u00e3o.<\/p>\n<p>O pesquisador alerta que doravante os produtores devem continuarem procedendo o monitoramento e as aplica\u00e7\u00f5es nas \u00e1reas at\u00e9 ent\u00e3o programadas, e nos talh\u00f5es em que a soja estiver na fase de R1, ha necessidade de proceder as aplica\u00e7\u00f5es, e nas \u00e1reas que a soja estiver na fase vegetativa ha necessidade de intensificar o monitoramento para tomada de decis\u00e3o quanto a necessidade de aplica\u00e7\u00e3o e qual produto a ser aplicado. Outra pratica que deve ser adotada pelo produtor e o manejo antiresist\u00eancia que compreende as a\u00e7\u00f5es que foram definidas pelo Cons\u00f3rcio Antiferrugem, as quais s\u00e3o: Usar sempre misturas comerciais formadas por dois ou mais fungicidas com modo de a\u00e7\u00e3o distintos; N\u00e3o utilizar mais que duas aplica\u00e7\u00f5es do mesmo produto em sequ\u00eancia e utilizar no m\u00e1ximo duas aplica\u00e7\u00f5es dos produtos contendo SDHI por cultivo; Fazer uso de produtos protetores em associa\u00e7\u00e3o; Evitar aplica\u00e7\u00f5es em alta press\u00e3o de doen\u00e7a e de forma curativa. Incluindo assim todos os m\u00e9todos de controle de doen\u00e7as, dentro do programa de manejo integrado, esclarece Edson Borges.<\/p>\n<p>Com i informa\u00e7\u00f5es da Funda\u00e7\u00e3o Chapad\u00e3o<\/p>\n","protected":false},"excerpt":{"rendered":"<p>Dia 08 de janeiro, a Pesquisadora da Funda\u00e7\u00e3o Chapad\u00e3o Alexandra Botelho, procedeu a confirma\u00e7\u00e3o do primeiro foco de ferrugem asi\u00e1tica na cultura da soja, na safra 2015\/16, precisamente no munic\u00edpio de Chapad\u00e3o do Sul, MS. Segundo a pesquisadora, respons\u00e1vel pelo laborat\u00f3rio de diagnose da Funda\u00e7\u00e3o Chapad\u00e3o, a folha com ferrugem foi enviada pelo consultor Isandro [&hellip;]<\/p>\n","protected":false},"author":4,"featured_media":18408,"comment_status":"closed","ping_status":"closed","sticky":false,"template":"","format":"standard","meta":{"footnotes":""},"categories":[17],"tags":[],"class_list":["post-18407","post","type-post","status-publish","format-standard","has-post-thumbnail","hentry","category-agropecuaria"],"_links":{"self":[{"href":"https:\/\/www.ocorreionews.com.br\/acervo-correio\/index.php?rest_route=\/wp\/v2\/posts\/18407","targetHints":{"allow":["GET"]}}],"collection":[{"href":"https:\/\/www.ocorreionews.com.br\/acervo-correio\/index.php?rest_route=\/wp\/v2\/posts"}],"about":[{"href":"https:\/\/www.ocorreionews.com.br\/acervo-correio\/index.php?rest_route=\/wp\/v2\/types\/post"}],"author":[{"embeddable":true,"href":"https:\/\/www.ocorreionews.com.br\/acervo-correio\/index.php?rest_route=\/wp\/v2\/users\/4"}],"replies":[{"embeddable":true,"href":"https:\/\/www.ocorreionews.com.br\/acervo-correio\/index.php?rest_route=%2Fwp%2Fv2%2Fcomments&post=18407"}],"version-history":[{"count":0,"href":"https:\/\/www.ocorreionews.com.br\/acervo-correio\/index.php?rest_route=\/wp\/v2\/posts\/18407\/revisions"}],"wp:featuredmedia":[{"embeddable":true,"href":"https:\/\/www.ocorreionews.com.br\/acervo-correio\/index.php?rest_route=\/wp\/v2\/media\/18408"}],"wp:attachment":[{"href":"https:\/\/www.ocorreionews.com.br\/acervo-correio\/index.php?rest_route=%2Fwp%2Fv2%2Fmedia&parent=18407"}],"wp:term":[{"taxonomy":"category","embeddable":true,"href":"https:\/\/www.ocorreionews.com.br\/acervo-correio\/index.php?rest_route=%2Fwp%2Fv2%2Fcategories&post=18407"},{"taxonomy":"post_tag","embeddable":true,"href":"https:\/\/www.ocorreionews.com.br\/acervo-correio\/index.php?rest_route=%2Fwp%2Fv2%2Ftags&post=18407"}],"curies":[{"name":"wp","href":"https:\/\/api.w.org\/{rel}","templated":true}]}}