{"id":18410,"date":"2016-01-11T08:27:26","date_gmt":"2016-01-11T11:27:26","guid":{"rendered":"https:\/\/ocorreionews.com.br\/?p=18410"},"modified":"2016-01-11T08:27:26","modified_gmt":"2016-01-11T11:27:26","slug":"sisu-abre-selecao-para-228-mil-vagas-em-universidades","status":"publish","type":"post","link":"https:\/\/www.ocorreionews.com.br\/acervo-correio\/?p=18410","title":{"rendered":"Sisu abre sele\u00e7\u00e3o para 228 mil vagas em universidades"},"content":{"rendered":"<p>A primeira edi\u00e7\u00e3o do Sistema de Sele\u00e7\u00e3o Unificada (Sisu) de 2016 come\u00e7ou nesta segunda-feira (11), com 228 mil vagas disponibilizadas em 131 institui\u00e7\u00f5es p\u00fablicas de educa\u00e7\u00e3o superior. Os candidatos precisam ter feito o Enem 2015, cujas notas foram divulgadas na sexta-feira (8), para poder fazer a inscri\u00e7\u00e3o.<\/p>\n<div class=\"saibamais componente_materia\">Desde a semana passada, os interessados em se candidatar na primeira edi\u00e7\u00e3o do Sisu de 2016 j\u00e1 podiam consultar as vagas dispon\u00edveis, com a distribui\u00e7\u00e3o por cursos e institui\u00e7\u00f5es, na p\u00e1gina do programa (<a href=\"http:\/\/sisu.mec.gov.br\/\" target=\"_blank\">http:\/\/sisu.mec.gov.br\/<\/a>).<\/div>\n<p>As inscri\u00e7\u00f5es no Sisu v\u00e3o at\u00e9 as 23h59 (hor\u00e1rio de Bras\u00edlia) do dia 14 de janeiro.<\/p>\n<p><strong>O que \u00e9 o Sisu<\/strong><br \/>\nPara disputar as vagas os candidatos precisam, necessariamente, ter participado da edi\u00e7\u00e3o de 2015 do Exame Nacional do Ensino M\u00e9dio (Enem) e ter obtido nota na prova de reda\u00e7\u00e3o que n\u00e3o seja zero.<\/p>\n<p>O Sisu \u00e9 um sistema eletr\u00f4nico gerenciado pelo MEC que seleciona os alunos, de acordo com o desempenho no Enem. O estudante pode se inscrever em at\u00e9 duas op\u00e7\u00f5es de vagas. Durante o per\u00edodo de inscri\u00e7\u00e3o \u00e9 poss\u00edvel verificar a nota de corte de cada curso e mudar a candidatura, otimizando as chances de aprova\u00e7\u00e3o.<\/p>\n<p>O resultado da chamada regular ser\u00e1 divulgado no dia 18 de janeiro na p\u00e1gina do Sisu e nas institui\u00e7\u00f5es de ensino superior. As matr\u00edculas ocorrem nos dias 22, 25 e 26 de janeiro. Assim como na edi\u00e7\u00e3o anterior, s\u00f3 haver\u00e1 uma chamada.<\/p>\n<p>Entre os dias 18 de janeiro e 29 de janeiro os candidatos que n\u00e3o foram convocados para sua primeira op\u00e7\u00e3o podem manifestar interesse em aderir a lista de espera. Caso sobrem vagas, as institui\u00e7\u00f5es poder\u00e3o convocar os alunos da lista.<\/p>\n<p>Pelo Sisu, os candidatos que fizeram o Enem disputam vagas em institui\u00e7\u00f5es p\u00fablicas de ensino superior de todo o pa\u00eds.<\/p>\n<p><strong>USP adere ao Sisu<\/strong><br \/>\nA Universidade de S\u00e3o Paulo (USP) vai exigir nota m\u00ednima de 700 pontos no Exame Nacional do Ensino M\u00e9dio (Enem) para os cursos Engenharia Agron\u00f4mica, Engenharia Florestal, Gest\u00e3o Ambiental, Administra\u00e7\u00e3o, Odontologia, Qu\u00edmica, Medicina Veterin\u00e1ria e Zootecnia.<\/p>\n<p>As notas dos estudantes devem ser divulgadas nesta sexta-feira (8). Confira quais as carreiras que v\u00e3o exigir a nota m\u00ednima de 700:<\/p>\n<p>&#8211; Campus de Piracicaba: Engenharia Agron\u00f4mica, Engenharia Florestal, Gest\u00e3o Ambiental.<br \/>\n&#8211; Campus de Ribeir\u00e3o Preto: Qu\u00edmica (Integral- Matutino\/Vespertino e noturno), Administra\u00e7\u00e3o (noturno e matutino), Odontologia (Integral-Matutino e Vespertino)<br \/>\n&#8211; Campus Pirassununga: Medicina Veterin\u00e1ria, Zootecnia.<\/p>\n<p>Nesses cursos, o aluno dever\u00e1 ter conseguido os 700 pontos na Reda\u00e7\u00e3o e em todas as provas (Matem\u00e1tica; Linguagens, C\u00f3digos; Ci\u00eancias Humanas e Ci\u00eancias da Natureza). Clique aqui e confira as notas m\u00ednimas para as outras carreiras.<\/p>\n<p>Essa \u00e9 a primeira vez que universidade adere ao Sistema de Sele\u00e7\u00e3o Unificada (Sisu) doMinist\u00e9rio da Educa\u00e7\u00e3o. A institui\u00e7\u00e3o decidiu que 1.499 das 11.057 vagas do vestibular 2016 ser\u00e3o preenchidas por meio da nota do Enem 2015. Alguns dos cursos mais concorridos, como a medicina e em S\u00e3o Paulo, o audiovisual e a engenharia, ficaram de fora da ades\u00e3o ao Enem.<\/p>\n<p>&nbsp;<\/p>\n<p>&nbsp;<\/p>\n<p>G1<\/p>\n","protected":false},"excerpt":{"rendered":"<p>A primeira edi\u00e7\u00e3o do Sistema de Sele\u00e7\u00e3o Unificada (Sisu) de 2016 come\u00e7ou nesta segunda-feira (11), com 228 mil vagas disponibilizadas em 131 institui\u00e7\u00f5es p\u00fablicas de educa\u00e7\u00e3o superior. Os candidatos precisam ter feito o Enem 2015, cujas notas foram divulgadas na sexta-feira (8), para poder fazer a inscri\u00e7\u00e3o. Desde a semana passada, os interessados em se [&hellip;]<\/p>\n","protected":false},"author":4,"featured_media":0,"comment_status":"closed","ping_status":"closed","sticky":false,"template":"","format":"standard","meta":{"footnotes":""},"categories":[27],"tags":[],"class_list":["post-18410","post","type-post","status-publish","format-standard","hentry","category-educacao"],"_links":{"self":[{"href":"https:\/\/www.ocorreionews.com.br\/acervo-correio\/index.php?rest_route=\/wp\/v2\/posts\/18410","targetHints":{"allow":["GET"]}}],"collection":[{"href":"https:\/\/www.ocorreionews.com.br\/acervo-correio\/index.php?rest_route=\/wp\/v2\/posts"}],"about":[{"href":"https:\/\/www.ocorreionews.com.br\/acervo-correio\/index.php?rest_route=\/wp\/v2\/types\/post"}],"author":[{"embeddable":true,"href":"https:\/\/www.ocorreionews.com.br\/acervo-correio\/index.php?rest_route=\/wp\/v2\/users\/4"}],"replies":[{"embeddable":true,"href":"https:\/\/www.ocorreionews.com.br\/acervo-correio\/index.php?rest_route=%2Fwp%2Fv2%2Fcomments&post=18410"}],"version-history":[{"count":0,"href":"https:\/\/www.ocorreionews.com.br\/acervo-correio\/index.php?rest_route=\/wp\/v2\/posts\/18410\/revisions"}],"wp:attachment":[{"href":"https:\/\/www.ocorreionews.com.br\/acervo-correio\/index.php?rest_route=%2Fwp%2Fv2%2Fmedia&parent=18410"}],"wp:term":[{"taxonomy":"category","embeddable":true,"href":"https:\/\/www.ocorreionews.com.br\/acervo-correio\/index.php?rest_route=%2Fwp%2Fv2%2Fcategories&post=18410"},{"taxonomy":"post_tag","embeddable":true,"href":"https:\/\/www.ocorreionews.com.br\/acervo-correio\/index.php?rest_route=%2Fwp%2Fv2%2Ftags&post=18410"}],"curies":[{"name":"wp","href":"https:\/\/api.w.org\/{rel}","templated":true}]}}