{"id":18418,"date":"2016-01-11T08:30:09","date_gmt":"2016-01-11T11:30:09","guid":{"rendered":"https:\/\/ocorreionews.com.br\/?p=18418"},"modified":"2016-01-11T08:30:09","modified_gmt":"2016-01-11T11:30:09","slug":"carro-carregado-com-maconha-capota-e-motorista-e-preso-em-ms","status":"publish","type":"post","link":"https:\/\/www.ocorreionews.com.br\/acervo-correio\/?p=18418","title":{"rendered":"Carro carregado com maconha capota e motorista \u00e9 preso em MS"},"content":{"rendered":"<p>Um carro carregado com maconha capotou, na tarde deste domingo (10), na MS-040, que liga Campo Grande a Santa Rita do Pardo. Segundo a Pol\u00edcia Militar (PM), o motorista de 29 anos foi encontrado do lado de fora do ve\u00edculo com ferimentos no bra\u00e7o.<\/p>\n<div class=\"geolocalizacao-map componente_materia\" data-globalid=\"f6af0108-8c61-4cce-bbb5-3a966139823a\"><strong>ms-040<\/strong><\/div>\n<div class=\"geolocalizacao-map componente_materia\" data-globalid=\"f6af0108-8c61-4cce-bbb5-3a966139823a\"><a class=\"geolocalizacao-lightbox\" title=\"\" href=\"http:\/\/maps.googleapis.com\/maps\/api\/staticmap?zoom=15&amp;size=600x344&amp;sensor=false&amp;markers=color:red%7Ccolor:red%7Clabel:A%7C-20.5737174,-54.5477033\"><img decoding=\"async\" class=\"alignleft\" src=\"http:\/\/maps.googleapis.com\/maps\/api\/staticmap?zoom=15&amp;size=300x167&amp;sensor=false&amp;markers=color:red%7Ccolor:red%7Clabel:A%7C-20.5737174,-54.5477033\" alt=\"\" \/><\/a><\/div>\n<p>Conforme a PM, o rapaz dirigia em alta velocidade quando perdeu o controle da dire\u00e7\u00e3o. Ele foi preso em flagrante e escoltado at\u00e9 a Santa Casa da capital sul-mato-grossense. Assim que receber alta, vai prestar depoimento \u00e0 policia.<\/p>\n<p>Cerca de 300 quilos de maconha estavam dentro do carro. A droga e o ve\u00edculo foram levados para a Delegacia Especializada de Repress\u00e3o ao Narcotr\u00e1fico (Denar), onde ser\u00e1 realizada a pesagem do entorpecente.<\/p>\n<p>O homem disse aos policiais que pegou a maconha em Campo Grande e iria lev\u00e1-la at\u00e9 S\u00e3o Paulo.<\/p>\n<div class=\"foto componente_materia midia-largura-620\">\n<figure style=\"width: 620px\" class=\"wp-caption alignnone\"><img loading=\"lazy\" decoding=\"async\" title=\"Carro carregado com maconha capota e motorista \u00e9 preso na MS-040 em Campo Grande (Foto: Alysson Maruyama\/TV Morena)\" src=\"http:\/\/s2.glbimg.com\/iu0CPt9ME2G9HHUHEAs33SUvQgE=\/620x465\/s.glbimg.com\/jo\/g1\/f\/original\/2016\/01\/10\/carro-maconha2.jpg\" alt=\"Carro carregado com maconha capota e motorista \u00e9 preso na MS-040 em Campo Grande (Foto: Alysson Maruyama\/TV Morena)\" width=\"620\" height=\"465\" \/><figcaption class=\"wp-caption-text\">Policiais no local em que carro capotou (Foto: Alysson Maruyama\/TV Morena)<\/figcaption><\/figure>\n<\/div>\n<div class=\"foto componente_materia midia-largura-620\"><\/div>\n<div class=\"foto componente_materia midia-largura-620\"><\/div>\n<div class=\"foto componente_materia midia-largura-620\">G1 MS<\/div>\n","protected":false},"excerpt":{"rendered":"<p>Um carro carregado com maconha capotou, na tarde deste domingo (10), na MS-040, que liga Campo Grande a Santa Rita do Pardo. Segundo a Pol\u00edcia Militar (PM), o motorista de 29 anos foi encontrado do lado de fora do ve\u00edculo com ferimentos no bra\u00e7o. ms-040 Conforme a PM, o rapaz dirigia em alta velocidade quando [&hellip;]<\/p>\n","protected":false},"author":4,"featured_media":18419,"comment_status":"closed","ping_status":"closed","sticky":false,"template":"","format":"standard","meta":{"footnotes":""},"categories":[38],"tags":[],"class_list":["post-18418","post","type-post","status-publish","format-standard","has-post-thumbnail","hentry","category-policia"],"_links":{"self":[{"href":"https:\/\/www.ocorreionews.com.br\/acervo-correio\/index.php?rest_route=\/wp\/v2\/posts\/18418","targetHints":{"allow":["GET"]}}],"collection":[{"href":"https:\/\/www.ocorreionews.com.br\/acervo-correio\/index.php?rest_route=\/wp\/v2\/posts"}],"about":[{"href":"https:\/\/www.ocorreionews.com.br\/acervo-correio\/index.php?rest_route=\/wp\/v2\/types\/post"}],"author":[{"embeddable":true,"href":"https:\/\/www.ocorreionews.com.br\/acervo-correio\/index.php?rest_route=\/wp\/v2\/users\/4"}],"replies":[{"embeddable":true,"href":"https:\/\/www.ocorreionews.com.br\/acervo-correio\/index.php?rest_route=%2Fwp%2Fv2%2Fcomments&post=18418"}],"version-history":[{"count":0,"href":"https:\/\/www.ocorreionews.com.br\/acervo-correio\/index.php?rest_route=\/wp\/v2\/posts\/18418\/revisions"}],"wp:featuredmedia":[{"embeddable":true,"href":"https:\/\/www.ocorreionews.com.br\/acervo-correio\/index.php?rest_route=\/wp\/v2\/media\/18419"}],"wp:attachment":[{"href":"https:\/\/www.ocorreionews.com.br\/acervo-correio\/index.php?rest_route=%2Fwp%2Fv2%2Fmedia&parent=18418"}],"wp:term":[{"taxonomy":"category","embeddable":true,"href":"https:\/\/www.ocorreionews.com.br\/acervo-correio\/index.php?rest_route=%2Fwp%2Fv2%2Fcategories&post=18418"},{"taxonomy":"post_tag","embeddable":true,"href":"https:\/\/www.ocorreionews.com.br\/acervo-correio\/index.php?rest_route=%2Fwp%2Fv2%2Ftags&post=18418"}],"curies":[{"name":"wp","href":"https:\/\/api.w.org\/{rel}","templated":true}]}}