{"id":18432,"date":"2016-01-11T15:45:31","date_gmt":"2016-01-11T18:45:31","guid":{"rendered":"https:\/\/ocorreionews.com.br\/?p=18432"},"modified":"2016-01-11T16:10:15","modified_gmt":"2016-01-11T19:10:15","slug":"brasileiro-wendell-lira-bate-figuroes-e-leva-premio-de-gol-mais-bonito-do-ano","status":"publish","type":"post","link":"https:\/\/www.ocorreionews.com.br\/acervo-correio\/?p=18432","title":{"rendered":"Brasileiro Wendell Lira bate figur\u00f5es e leva pr\u00eamio de gol mais bonito do ano"},"content":{"rendered":"<p>Pela primeira vez, o gol mais bonito do ano n\u00e3o vem da elite do futebol mundial. Apoiado por uma forte campanha nas redes sociais, o brasileiro Wendell Lira saiu do modesto Campeonato Goiano, onde brilhou com uma meia bicicleta pelo ainda mais modesto Goian\u00e9sia, para brilhar em Zurique. Eleito por voto popular, bateu Messi, Tevez e outros figur\u00f5es, venceu o pr\u00eamio Puskas na festa de gala da Fifa e fez hist\u00f3ria.<\/p>\n<p>&#8220;\u00c9 o melhor dia da minha vida. Poder estar aqui conhecendo grandes jogadores que s\u00e3o meus \u00eddolos, que conhecia s\u00f3 de videogame. Queria agradecer minha fam\u00edlia, na\u00e7\u00e3o brasileira que votou em mim, minha esposa e minha filha&#8221;, disse Wendell Lira, que citou a B\u00edblia ao receber o pr\u00eamio.<\/p>\n<p>&#8220;Queria deixar uma passagem. Quando Golias apareceu disseram:\u00a0&#8216;ele \u00e9 muito forte, grande, n\u00e3o tem como ganhar dele&#8217;. Davi disse: &#8216;Ele \u00e9 muito grande, n\u00e3o tem como n\u00e3o acertar ele&#8217;. \u00c9 assim que temos de enfrentar os problemas di\u00e1rios em nossa vida e \u00e9 assim que agrade\u00e7o&#8221;, disse o jogador, referindo-se \u00e0 famosa hist\u00f3ria do mais fraco batendo o mais forte. .<\/p>\n<p>O t\u00edtulo do brasileiro \u00e9 simb\u00f3lico. Antes dele, a honraria s\u00f3 havia sido dada a gols marcados em campeonatos de ponta. Foi na Copa do Mundo, por exemplo, que James Rodriguez trilhou seu caminho para ganhar a disputa no ano passado. O mais longe do topo que o pr\u00eamio Puskas chegou desde 2009, quando foi criado, foi o Brasileir\u00e3o (com Neymar, em 2011) e o Campeonato Turco (com Stoch, em 2012).<\/p>\n<p>Wendell est\u00e1 t\u00e3o distante do mundo de gala da Fifa que estava sem clube quando soube da indica\u00e7\u00e3o. Depois do gola\u00e7o pelo Goian\u00e9sia no Campeonato Goiano de 2015, ele ficou sem contrato e s\u00f3 arrumou emprego recentemente, no Vila Nova. Hoje ele vive seus minutos de fama global frequentando uma festa exclusiva ao lado de nomes como Messi, Cristiano Ronaldo e Neymar, os finalistas da Bola de Ouro.<\/p>\n<p>O car\u00e1ter inusitado da escolha da Fifa fez dele uma estrela das redes sociais. Sua vit\u00f3ria foi &#8220;patrocinada&#8221; por sites populares que fizeram campanha ao longo dos meses para que ele vencesse. Como o pr\u00eamio \u00e9 decidido pelo p\u00fablico, Florenzi (Roma) e Messi (Barcelona) n\u00e3o foram p\u00e1reos para o brasileiro.<\/p>\n<p>Do UOL, em S\u00e3o Paulo<\/p>\n","protected":false},"excerpt":{"rendered":"<p>Pela primeira vez, o gol mais bonito do ano n\u00e3o vem da elite do futebol mundial. Apoiado por uma forte campanha nas redes sociais, o brasileiro Wendell Lira saiu do modesto Campeonato Goiano, onde brilhou com uma meia bicicleta pelo ainda mais modesto Goian\u00e9sia, para brilhar em Zurique. Eleito por voto popular, bateu Messi, Tevez [&hellip;]<\/p>\n","protected":false},"author":4,"featured_media":18446,"comment_status":"closed","ping_status":"closed","sticky":false,"template":"","format":"standard","meta":{"footnotes":""},"categories":[29],"tags":[],"class_list":["post-18432","post","type-post","status-publish","format-standard","has-post-thumbnail","hentry","category-esporte"],"_links":{"self":[{"href":"https:\/\/www.ocorreionews.com.br\/acervo-correio\/index.php?rest_route=\/wp\/v2\/posts\/18432","targetHints":{"allow":["GET"]}}],"collection":[{"href":"https:\/\/www.ocorreionews.com.br\/acervo-correio\/index.php?rest_route=\/wp\/v2\/posts"}],"about":[{"href":"https:\/\/www.ocorreionews.com.br\/acervo-correio\/index.php?rest_route=\/wp\/v2\/types\/post"}],"author":[{"embeddable":true,"href":"https:\/\/www.ocorreionews.com.br\/acervo-correio\/index.php?rest_route=\/wp\/v2\/users\/4"}],"replies":[{"embeddable":true,"href":"https:\/\/www.ocorreionews.com.br\/acervo-correio\/index.php?rest_route=%2Fwp%2Fv2%2Fcomments&post=18432"}],"version-history":[{"count":0,"href":"https:\/\/www.ocorreionews.com.br\/acervo-correio\/index.php?rest_route=\/wp\/v2\/posts\/18432\/revisions"}],"wp:featuredmedia":[{"embeddable":true,"href":"https:\/\/www.ocorreionews.com.br\/acervo-correio\/index.php?rest_route=\/wp\/v2\/media\/18446"}],"wp:attachment":[{"href":"https:\/\/www.ocorreionews.com.br\/acervo-correio\/index.php?rest_route=%2Fwp%2Fv2%2Fmedia&parent=18432"}],"wp:term":[{"taxonomy":"category","embeddable":true,"href":"https:\/\/www.ocorreionews.com.br\/acervo-correio\/index.php?rest_route=%2Fwp%2Fv2%2Fcategories&post=18432"},{"taxonomy":"post_tag","embeddable":true,"href":"https:\/\/www.ocorreionews.com.br\/acervo-correio\/index.php?rest_route=%2Fwp%2Fv2%2Ftags&post=18432"}],"curies":[{"name":"wp","href":"https:\/\/api.w.org\/{rel}","templated":true}]}}