{"id":18436,"date":"2016-01-11T15:50:21","date_gmt":"2016-01-11T18:50:21","guid":{"rendered":"https:\/\/ocorreionews.com.br\/?p=18436"},"modified":"2016-01-11T15:50:21","modified_gmt":"2016-01-11T18:50:21","slug":"brasil-domina-selecao-de-2015-com-neymar-dani-alves-marcelo-e-t-silva","status":"publish","type":"post","link":"https:\/\/www.ocorreionews.com.br\/acervo-correio\/?p=18436","title":{"rendered":"Brasil domina sele\u00e7\u00e3o de 2015 com Neymar, Dani Alves, Marcelo e T. Silva"},"content":{"rendered":"<blockquote>\n<h5>Assim como o Brasil, Real Madrid e Barcelona s\u00e3o os times com mais representantes na equipe ideal do ano passado, divulgada em evento da Fifa em Zurique<\/h5>\n<\/blockquote>\n<p>S\u00f3 deu Brasil na sele\u00e7\u00e3o de 2015, divulgada na cerim\u00f4nia da Fifa nesta segunda-feira, em Zurique. Ao todo, quatro jogadores do pa\u00eds foram eleitos para a equipe ideal do ano passado: <span class=\"semantica-autolink-topico-tip\"><a class=\"link-do-autolink-semantico\" href=\"http:\/\/globoesporte.globo.com\/atleta\/daniel-alves.html\">Daniel Alves<\/a><\/span>, <span class=\"semantica-autolink-topico-tip\"><a class=\"link-do-autolink-semantico\" href=\"http:\/\/globoesporte.globo.com\/atleta\/thiago-silva.html\">Thiago Silva<\/a><\/span>, <span class=\"semantica-autolink-topico-tip\"><a class=\"link-do-autolink-semantico\" href=\"http:\/\/globoesporte.globo.com\/atleta\/marcelo.html\">Marcelo<\/a><\/span> e <span class=\"semantica-autolink-topico-tip\"><a class=\"link-do-autolink-semantico\" href=\"http:\/\/globoesporte.globo.com\/atleta\/neymar.html\">Neymar<\/a><\/span>. Al\u00e9m do quarteto que esteve com a Sele\u00e7\u00e3o no Mundial de 2014, outros sete nomes foram escolhidos: <span class=\"semantica-autolink-topico-tip\"><a class=\"link-do-autolink-semantico\" href=\"http:\/\/globoesporte.globo.com\/atleta\/neuer.html\">Neuer<\/a><\/span>, <span class=\"semantica-autolink-topico-tip\"><a class=\"link-do-autolink-semantico\" href=\"http:\/\/globoesporte.globo.com\/atleta\/sergioramos.html\">Sergio Ramos<\/a><\/span>, <span class=\"semantica-autolink-topico-tip\"><a class=\"link-do-autolink-semantico\" href=\"http:\/\/globoesporte.globo.com\/atleta\/iniesta.html\">Iniesta<\/a><\/span>, Pogba, <span class=\"semantica-autolink-topico-tip\"><a class=\"link-do-autolink-semantico\" href=\"http:\/\/globoesporte.globo.com\/atleta\/modric.html\">Modric<\/a><\/span>, <span class=\"semantica-autolink-topico-tip\"><a class=\"link-do-autolink-semantico\" href=\"http:\/\/globoesporte.globo.com\/atleta\/messi.html\">Messi<\/a><\/span> e <span class=\"semantica-autolink-topico-tip\"><a class=\"link-do-autolink-semantico\" href=\"http:\/\/globoesporte.globo.com\/atleta\/cristiano-ronaldo.html\">Cristiano Ronaldo<\/a><\/span>. Apenas o goleiro alem\u00e3o do Bayern de Munique n\u00e3o esteve no evento para receber o pr\u00eamio das m\u00e3os do camaron\u00eas Samuel <span class=\"semantica-autolink-topico-tip\"><a class=\"link-do-autolink-semantico\" href=\"http:\/\/globoesporte.globo.com\/atleta\/etoo.html\">Eto&#8217;o<\/a><\/span>.<\/p>\n<div id=\"54c340a6-8dd7-7e9f-0d53-2de98383d82c\" class=\"foto componente-conteudo\"><img loading=\"lazy\" decoding=\"async\" title=\"Sele\u00e7\u00e3o da Fifa 2015 (Foto: Divulga\u00e7\u00e3o \/ Fifa)\" src=\"http:\/\/s2.glbimg.com\/ie_FqQkBtANIWkGorKKJ3s628lY=\/0x0:1022x484\/690x327\/s.glbimg.com\/es\/ge\/f\/original\/2016\/01\/11\/fifa.jpg_large.jpg\" alt=\"Sele\u00e7\u00e3o da Fifa 2015 (Foto: Divulga\u00e7\u00e3o \/ Fifa)\" width=\"690\" height=\"327\" \/><\/div>\n<div class=\"foto componente-conteudo\"><strong>A sele\u00e7\u00e3o da Fifa em 2015 (Foto: Divulga\u00e7\u00e3o \/ Fifa)<\/strong><\/div>\n<p>A presen\u00e7a do quarteto na escolha feita em conjunto com a FIFPro, associa\u00e7\u00e3o profissionais dos jogadores, deixou o Brasil folgado com o maior n\u00famero de representantes na sele\u00e7\u00e3o de 2015 &#8211; Espanha (com dois), Alemanha, Cro\u00e1cia, Fran\u00e7a, Argentina e Portugal foram outros pa\u00edses com atletas na lista. Entre os clubes, <span class=\"semantica-autolink-topico-tip\"><a class=\"link-do-autolink-semantico\" href=\"http:\/\/globoesporte.globo.com\/equipe\/futebol\/futebol-internacional\/futebol-espanhol\/real-madrid.html\">Real Madrid<\/a><\/span> e <span class=\"semantica-autolink-topico-tip\"><a class=\"link-do-autolink-semantico\" href=\"http:\/\/globoesporte.globo.com\/equipe\/futebol\/futebol-internacional\/futebol-espanhol\/barcelona.html\">Barcelona<\/a><\/span> dominaram a equipe, com quatro jogadores, cada &#8211; <span class=\"semantica-autolink-topico-tip\"><a class=\"link-do-autolink-semantico\" href=\"http:\/\/globoesporte.globo.com\/equipe\/futebol\/futebol-internacional\/futebol-alemao\/bayern-de-munique.html\">Bayern de Munique<\/a><\/span>, <span class=\"semantica-autolink-topico-tip\"><a class=\"link-do-autolink-semantico\" href=\"http:\/\/globoesporte.globo.com\/equipe\/futebol\/futebol-internacional\/futebol-italiano\/juventus.html\">Juventus<\/a><\/span> e PSG completaram a rela\u00e7\u00e3o.<\/p>\n<p>Foi a primeira vez que Neymar apareceu na sele\u00e7\u00e3o da Fifa. J\u00e1 Thiago Silva entrou nas \u00faltimas duas rela\u00e7\u00f5es, assim como Daniel Alves teve sua vaga na equipe em 2009, 2011, 2012 e 2013 &#8211; Marcelo tamb\u00e9m foi eleito em 2013. David Luiz, tamb\u00e9m do PSG, Douglas Costa, do Bayern de Munique, eram outros nomes entre <a class=\"\" href=\"http:\/\/globoesporte.globo.com\/futebol\/futebol-internacional\/noticia\/2015\/11\/seis-brasileiros-aparecem-em-lista-de-55-finalistas-para-selecao-de-2015.html\" target=\"_self\">os 55 indicados<\/a>, mas acabaram fora da lista final.<\/p>\n<div id=\"370c3dd2-2467-502c-590f-f9ea472bad02\" class=\"foto componente-conteudo\"><img loading=\"lazy\" decoding=\"async\" title=\"Sele\u00e7\u00e3o da Fifa 2015 (Foto: Philipp Schmidli\/Getty Images)\" src=\"http:\/\/s2.glbimg.com\/jUx7lxk-bKti6TQiqtZv1katuXY=\/0x0:4679x3120\/690x460\/s.glbimg.com\/es\/ge\/f\/original\/2016\/01\/11\/gettyimages-504556192.jpg\" alt=\"Sele\u00e7\u00e3o da Fifa 2015 (Foto: Philipp Schmidli\/Getty Images)\" width=\"690\" height=\"460\" \/><\/div>\n<div class=\"foto componente-conteudo\"><strong>Dos 11 eleitos para a sele\u00e7\u00e3o do ano, apenas Neuer n\u00e3o foi \u00e0 cerim\u00f4nia em Zurique (Foto: Philipp Schmidli\/Getty Images)<\/strong><\/div>\n<p>Em parceria com a Fifa e sem rela\u00e7\u00e3o com a Uefa, que <a class=\"\" href=\"http:\/\/globoesporte.globo.com\/futebol\/futebol-internacional\/noticia\/2016\/01\/com-neymar-messi-e-daniel-alves-barcelona-domina-selecao-da-uefa.html#equipe-futebol\/futebol-internacional\/futebol-alemao\/bayern-de-munique\" target=\"_self\">na semana passada elegeu a sua sele\u00e7\u00e3o de 2015<\/a>, a escolha foi feita com base nos votos de 25 mil jogadores espalhados por 70 pa\u00edses do mundo da bola. Segundo a FIFPro, foi a vota\u00e7\u00e3o recorde desde que iniciou 2005, ano em que come\u00e7ou a elei\u00e7\u00e3o.<\/p>\n<p>A sele\u00e7\u00e3o do ano passado foi composta pelos seguintes jogadores: Manuel Neuer (Bayern de Munique); Sergio Ramos (<a class=\"\" href=\"http:\/\/globoesporte.globo.com\/equipe\/futebol\/futebol-internacional\/futebol-espanhol\/real-madrid.html\">Real Madrid<\/a>), David Luiz (PSG), Thiago Silva (PSG) e Philipp Lahm (Bayern de Munique); Andr\u00e9s Iniesta (<a class=\"\" href=\"http:\/\/globoesporte.globo.com\/equipe\/futebol\/futebol-internacional\/futebol-espanhol\/barcelona.html\">Barcelona<\/a>), Toni Kroos (Real Madrid) e \u00c1ngel Di Mar\u00eda (hoje no PSG &#8211; \u00e0 \u00e9poca no Manchester United); Cristiano Ronaldo (Real Madrid), Arjen Robben (Bayern de Munique ) e Lionel Messi (Barcelona).<\/p>\n<p>Por <strong class=\"fn\">Cl\u00e1udia Garcia e Ivan Raupp<\/strong><span class=\"adr\"><span class=\"locality\">Zurique, Su\u00ed\u00e7a<\/span><\/span> -Globo<\/p>\n","protected":false},"excerpt":{"rendered":"<p>Assim como o Brasil, Real Madrid e Barcelona s\u00e3o os times com mais representantes na equipe ideal do ano passado, divulgada em evento da Fifa em Zurique S\u00f3 deu Brasil na sele\u00e7\u00e3o de 2015, divulgada na cerim\u00f4nia da Fifa nesta segunda-feira, em Zurique. Ao todo, quatro jogadores do pa\u00eds foram eleitos para a equipe ideal [&hellip;]<\/p>\n","protected":false},"author":4,"featured_media":18437,"comment_status":"closed","ping_status":"closed","sticky":false,"template":"","format":"standard","meta":{"footnotes":""},"categories":[29],"tags":[],"class_list":["post-18436","post","type-post","status-publish","format-standard","has-post-thumbnail","hentry","category-esporte"],"_links":{"self":[{"href":"https:\/\/www.ocorreionews.com.br\/acervo-correio\/index.php?rest_route=\/wp\/v2\/posts\/18436","targetHints":{"allow":["GET"]}}],"collection":[{"href":"https:\/\/www.ocorreionews.com.br\/acervo-correio\/index.php?rest_route=\/wp\/v2\/posts"}],"about":[{"href":"https:\/\/www.ocorreionews.com.br\/acervo-correio\/index.php?rest_route=\/wp\/v2\/types\/post"}],"author":[{"embeddable":true,"href":"https:\/\/www.ocorreionews.com.br\/acervo-correio\/index.php?rest_route=\/wp\/v2\/users\/4"}],"replies":[{"embeddable":true,"href":"https:\/\/www.ocorreionews.com.br\/acervo-correio\/index.php?rest_route=%2Fwp%2Fv2%2Fcomments&post=18436"}],"version-history":[{"count":0,"href":"https:\/\/www.ocorreionews.com.br\/acervo-correio\/index.php?rest_route=\/wp\/v2\/posts\/18436\/revisions"}],"wp:featuredmedia":[{"embeddable":true,"href":"https:\/\/www.ocorreionews.com.br\/acervo-correio\/index.php?rest_route=\/wp\/v2\/media\/18437"}],"wp:attachment":[{"href":"https:\/\/www.ocorreionews.com.br\/acervo-correio\/index.php?rest_route=%2Fwp%2Fv2%2Fmedia&parent=18436"}],"wp:term":[{"taxonomy":"category","embeddable":true,"href":"https:\/\/www.ocorreionews.com.br\/acervo-correio\/index.php?rest_route=%2Fwp%2Fv2%2Fcategories&post=18436"},{"taxonomy":"post_tag","embeddable":true,"href":"https:\/\/www.ocorreionews.com.br\/acervo-correio\/index.php?rest_route=%2Fwp%2Fv2%2Ftags&post=18436"}],"curies":[{"name":"wp","href":"https:\/\/api.w.org\/{rel}","templated":true}]}}