{"id":18449,"date":"2016-01-11T19:33:20","date_gmt":"2016-01-11T22:33:20","guid":{"rendered":"https:\/\/ocorreionews.com.br\/?p=18449"},"modified":"2016-01-11T19:33:20","modified_gmt":"2016-01-11T22:33:20","slug":"crec-apresenta-elenco-para-disputa-do-sul-matogrossense","status":"publish","type":"post","link":"https:\/\/www.ocorreionews.com.br\/acervo-correio\/?p=18449","title":{"rendered":"CREC apresenta elenco para disputa do sul-matogrossense"},"content":{"rendered":"<div>O CREC \u2013 Costa Rica Esporte Clube &#8211; apresentou oficialmente na manh\u00e3 do \u00faltimo s\u00e1bado (09), o elenco para disputa do Campeonato Sul-Matogrossense de Futebol. A apresenta\u00e7\u00e3o ocorreu no CT \u2013 Centro de Treinamento J\u00falio Maia.<\/div>\n<div><\/div>\n<div>O prefeito Waldeli dos Santos Rosa falou com nossa reportagem e disse estar confiante na equipe. \u201cSempre batemos na \u2018trave\u2019 este ano estou mais confiante que o t\u00edtulo ser\u00e1 nosso, desejo sorte a comiss\u00e3o t\u00e9cnica e aos nossos jogadores para trazer o t\u00edtulo para Costa Rica\u201d, falou.<\/div>\n<div><\/div>\n<div>De acordo com diretor do CREC, Augusto C\u00e9sar Mignoli a equipe esta bem motivada para trazer a ta\u00e7a. \u201cVamos buscar o t\u00edtulo, montamos uma equipe e comiss\u00e3o t\u00e9cnica de qualidade para assim levar alegria aos amantes do futebol e a popula\u00e7\u00e3o de Costa Rica\u201d.<\/div>\n<div><\/div>\n<div>O t\u00e9cnico contratado para est\u00e1 temporada \u00e9 Mauro Marino, que vem para o seu segundo ano consecutivo trabalhando com equipe aqui da cidade. Em 2015 o CREC foi eliminado nas quartas de finais sob seu comando.<\/div>\n<div><a href=\"https:\/\/ocorreionews.com.br\/wp-content\/uploads\/2016\/01\/crec2.jpg\" rel=\"attachment wp-att-18451\"><img loading=\"lazy\" decoding=\"async\" class=\"alignnone size-medium wp-image-18451\" src=\"https:\/\/ocorreionews.com.br\/wp-content\/uploads\/2016\/01\/crec2-300x200.jpg\" alt=\"crec2\" width=\"300\" height=\"200\" srcset=\"https:\/\/www.ocorreionews.com.br\/acervo-correio\/wp-content\/uploads\/2016\/01\/crec2-300x200.jpg 300w, https:\/\/www.ocorreionews.com.br\/acervo-correio\/wp-content\/uploads\/2016\/01\/crec2.jpg 630w\" sizes=\"auto, (max-width: 300px) 100vw, 300px\" \/><\/a><\/div>\n<div><\/div>\n<div>Ainda no s\u00e1bado alguns jogadores, o t\u00e9cnico Mauro Marino e o diretor do clube concederam uma entrevista por telefone ao programa Anderson Dias da R\u00e1dio Cidade FM 106.5, onde destacaram o trabalho que est\u00e1 sendo realizado na pr\u00e9-temporada. J\u00e1 o diretor C\u00e9sar Mignoli divulgou alguns dados t\u00e9cnicos e falou de alguns ajustes que ainda faltam para serem realizados.<\/div>\n<div><\/div>\n<div>O CREC estreia no campeonato contra a SERC de Chapad\u00e3o do Sul ainda com data indefinida, por mudan\u00e7as na tabela feitas pela FFMS \u2013 Federa\u00e7\u00e3o de Futebol de Mato Grosso do Sul.<\/div>\n<div><\/div>\n<div><strong>Atletas\u00a0<\/strong><\/div>\n<div>Goleiros: \u00a0Dida, Ivan e Gustavo<\/div>\n<div>Laterais direito: Raniel, Caf\u00fa e Gustavo Recife<\/div>\n<div>Laterais esquerdo: Guto, L\u00e9o e Anderson Cromado<\/div>\n<div>Zagueiros: Alison, Samir, Casemiro e Alex<\/div>\n<div>Volantes: Valtinho, Fabr\u00edcio, e Baiano<\/div>\n<div>Meias: Carlinhos e Dilsinho<\/div>\n<div>Meias Atacantes: Bui\u00fa, Sadan, e Adinil<\/div>\n<div>Atacantes: Juvenil, Michel, Vin\u00edcius, \u00edndio e Valtair<\/div>\n<div><\/div>\n<div><strong>Comiss\u00e3o T\u00e9cnica<\/strong><\/div>\n<div>T\u00e9cnico: Mauro Marino<\/div>\n<div>Preparador F\u00edsico: J\u00fanior<\/div>\n<div>Preparador de goleiros: Betinho Freitas<\/div>\n<div>Roupeiro: Dermeval<\/div>\n<div>Massagista: \u00a0F\u00e9rinha<\/div>\n<div><\/div>\n<div>Igor Santana costaricaemfoco<\/div>\n","protected":false},"excerpt":{"rendered":"<p>O CREC \u2013 Costa Rica Esporte Clube &#8211; apresentou oficialmente na manh\u00e3 do \u00faltimo s\u00e1bado (09), o elenco para disputa do Campeonato Sul-Matogrossense de Futebol. A apresenta\u00e7\u00e3o ocorreu no CT \u2013 Centro de Treinamento J\u00falio Maia. O prefeito Waldeli dos Santos Rosa falou com nossa reportagem e disse estar confiante na equipe. \u201cSempre batemos na [&hellip;]<\/p>\n","protected":false},"author":4,"featured_media":18450,"comment_status":"closed","ping_status":"closed","sticky":false,"template":"","format":"standard","meta":{"footnotes":""},"categories":[25,29],"tags":[],"class_list":["post-18449","post","type-post","status-publish","format-standard","has-post-thumbnail","hentry","category-costa-rica","category-esporte"],"_links":{"self":[{"href":"https:\/\/www.ocorreionews.com.br\/acervo-correio\/index.php?rest_route=\/wp\/v2\/posts\/18449","targetHints":{"allow":["GET"]}}],"collection":[{"href":"https:\/\/www.ocorreionews.com.br\/acervo-correio\/index.php?rest_route=\/wp\/v2\/posts"}],"about":[{"href":"https:\/\/www.ocorreionews.com.br\/acervo-correio\/index.php?rest_route=\/wp\/v2\/types\/post"}],"author":[{"embeddable":true,"href":"https:\/\/www.ocorreionews.com.br\/acervo-correio\/index.php?rest_route=\/wp\/v2\/users\/4"}],"replies":[{"embeddable":true,"href":"https:\/\/www.ocorreionews.com.br\/acervo-correio\/index.php?rest_route=%2Fwp%2Fv2%2Fcomments&post=18449"}],"version-history":[{"count":0,"href":"https:\/\/www.ocorreionews.com.br\/acervo-correio\/index.php?rest_route=\/wp\/v2\/posts\/18449\/revisions"}],"wp:featuredmedia":[{"embeddable":true,"href":"https:\/\/www.ocorreionews.com.br\/acervo-correio\/index.php?rest_route=\/wp\/v2\/media\/18450"}],"wp:attachment":[{"href":"https:\/\/www.ocorreionews.com.br\/acervo-correio\/index.php?rest_route=%2Fwp%2Fv2%2Fmedia&parent=18449"}],"wp:term":[{"taxonomy":"category","embeddable":true,"href":"https:\/\/www.ocorreionews.com.br\/acervo-correio\/index.php?rest_route=%2Fwp%2Fv2%2Fcategories&post=18449"},{"taxonomy":"post_tag","embeddable":true,"href":"https:\/\/www.ocorreionews.com.br\/acervo-correio\/index.php?rest_route=%2Fwp%2Fv2%2Ftags&post=18449"}],"curies":[{"name":"wp","href":"https:\/\/api.w.org\/{rel}","templated":true}]}}