{"id":18455,"date":"2016-01-12T07:36:03","date_gmt":"2016-01-12T10:36:03","guid":{"rendered":"https:\/\/ocorreionews.com.br\/?p=18455"},"modified":"2016-01-12T07:36:03","modified_gmt":"2016-01-12T10:36:03","slug":"colegio-atenas-matriculas-reabertas","status":"publish","type":"post","link":"https:\/\/www.ocorreionews.com.br\/acervo-correio\/?p=18455","title":{"rendered":"Col\u00e9gio Atenas: matr\u00edculas reabertas"},"content":{"rendered":"<p>A partir desta segunda \u2013 feira, 11 de janeiro, a secretaria do Col\u00e9gio Atenas de Chapad\u00e3o do Sul, estar\u00e1 dando continuidade \u00e0s matr\u00edculas 2016.<\/p>\n<p>A equipe gestora, aproveita para parabenizar as boas m\u00e9dias alcan\u00e7adas pela maioria dos alunos no\u00a0 Enem 2015.<\/p>\n<p>Destacando, \u00a0as excelentes m\u00e9dias:\u00a0 <strong>960\u00a0 e\u00a0 900<\/strong> em REDA\u00c7\u00c3O. Um sucesso!<\/p>\n<p>Tradi\u00e7\u00e3o, modernidade , igualdade e qualidade de ensino para seu filho \u00e9 no Col\u00e9gio Atenas.<\/p>\n","protected":false},"excerpt":{"rendered":"<p>A partir desta segunda \u2013 feira, 11 de janeiro, a secretaria do Col\u00e9gio Atenas de Chapad\u00e3o do Sul, estar\u00e1 dando continuidade \u00e0s matr\u00edculas 2016. A equipe gestora, aproveita para parabenizar as boas m\u00e9dias alcan\u00e7adas pela maioria dos alunos no\u00a0 Enem 2015. Destacando, \u00a0as excelentes m\u00e9dias:\u00a0 960\u00a0 e\u00a0 900 em REDA\u00c7\u00c3O. Um sucesso! Tradi\u00e7\u00e3o, modernidade , [&hellip;]<\/p>\n","protected":false},"author":4,"featured_media":13210,"comment_status":"closed","ping_status":"closed","sticky":false,"template":"","format":"standard","meta":{"footnotes":""},"categories":[23,27],"tags":[],"class_list":["post-18455","post","type-post","status-publish","format-standard","has-post-thumbnail","hentry","category-chapadao-do-sul","category-educacao"],"_links":{"self":[{"href":"https:\/\/www.ocorreionews.com.br\/acervo-correio\/index.php?rest_route=\/wp\/v2\/posts\/18455","targetHints":{"allow":["GET"]}}],"collection":[{"href":"https:\/\/www.ocorreionews.com.br\/acervo-correio\/index.php?rest_route=\/wp\/v2\/posts"}],"about":[{"href":"https:\/\/www.ocorreionews.com.br\/acervo-correio\/index.php?rest_route=\/wp\/v2\/types\/post"}],"author":[{"embeddable":true,"href":"https:\/\/www.ocorreionews.com.br\/acervo-correio\/index.php?rest_route=\/wp\/v2\/users\/4"}],"replies":[{"embeddable":true,"href":"https:\/\/www.ocorreionews.com.br\/acervo-correio\/index.php?rest_route=%2Fwp%2Fv2%2Fcomments&post=18455"}],"version-history":[{"count":0,"href":"https:\/\/www.ocorreionews.com.br\/acervo-correio\/index.php?rest_route=\/wp\/v2\/posts\/18455\/revisions"}],"wp:featuredmedia":[{"embeddable":true,"href":"https:\/\/www.ocorreionews.com.br\/acervo-correio\/index.php?rest_route=\/wp\/v2\/media\/13210"}],"wp:attachment":[{"href":"https:\/\/www.ocorreionews.com.br\/acervo-correio\/index.php?rest_route=%2Fwp%2Fv2%2Fmedia&parent=18455"}],"wp:term":[{"taxonomy":"category","embeddable":true,"href":"https:\/\/www.ocorreionews.com.br\/acervo-correio\/index.php?rest_route=%2Fwp%2Fv2%2Fcategories&post=18455"},{"taxonomy":"post_tag","embeddable":true,"href":"https:\/\/www.ocorreionews.com.br\/acervo-correio\/index.php?rest_route=%2Fwp%2Fv2%2Ftags&post=18455"}],"curies":[{"name":"wp","href":"https:\/\/api.w.org\/{rel}","templated":true}]}}