{"id":18457,"date":"2016-01-12T07:40:34","date_gmt":"2016-01-12T10:40:34","guid":{"rendered":"https:\/\/ocorreionews.com.br\/?p=18457"},"modified":"2016-01-12T07:40:34","modified_gmt":"2016-01-12T10:40:34","slug":"funcionario-da-ccr-msvia-morre-esmagado-por-guincho-na-br-163","status":"publish","type":"post","link":"https:\/\/www.ocorreionews.com.br\/acervo-correio\/?p=18457","title":{"rendered":"Funcion\u00e1rio da CCR MSVia morre esmagado por guincho na BR-163"},"content":{"rendered":"<p>O funcion\u00e1rio da CCR MSVia Dami\u00e3o Teodoro de Camargo, morreu por volta das 23h desta segunda-feira (11), no quil\u00f4metro 808 da BR-163, em Sonora, ap\u00f3s ser esmagado por seu pr\u00f3prio caminh\u00e3o guincho e uma carreta bi-trem.<\/p>\n<p>Segundo informa\u00e7\u00f5es repassadas pelo motorista da carreta J.R.M.S.J., de 28 anos, a nossa reportagem, seu caminh\u00e3o modelo Scania com placas de Primavera do Leste (MT) carregado com 57 toneladas de milho, apresentou problemas nos freio pr\u00f3ximo ao quilometro 813 da rodovia, prontamente uma equipe que passava pelo local acionou o guincho que faria o atendimento.<\/p>\n<p>Em poucos minutos Camargo e iniciou o reboque por aproximadamente cinco quil\u00f4metros, momento em que \u201cJ\u201d alertou que estava havendo um novo problema nos freios. \u201cDami\u00e3ozinho\u201d como era conhecido parou no acostamento, e informou o motorista que iria desatrelar o guincho para que no dia seguinte um mec\u00e2nico efetuasse o socorro.<\/p>\n<p>Ao se posicionar entre o guincho e a carreta, Camargo pediu que o motorista travasse os freios da carreta para que ele soltasse o elevador, liberando o ve\u00edculo, \u201cJ\u201d disse que viu o funcion\u00e1rio baixando o cavalo, e quando ele chegou pr\u00f3ximo ao primeiro rodado percebeu que seu caminh\u00e3o se deslocou para frente, ainda segundo o motorista, n\u00e3o foram cal\u00e7ados os pneus nesse momento.<\/p>\n<p>Ao retornar o motorista presenciou Camargo prensado entre os ve\u00edculos, vendo a situa\u00e7\u00e3o ele correu at\u00e9 um posto de combust\u00edveis pedindo socorro, rapidamente a vitima foi retirada j\u00e1 sem vida. Equipes da CCR MSVia tentaram reanimar Dami\u00e3o por v\u00e1rios minutos, sem sucesso.<\/p>\n<p>Uma equipe da PRF (Pol\u00edcia Rodovi\u00e1ria Federal) preservou o local at\u00e9 a chegada dos peritos, o transito no local permaneceu normal. O corpo de Dami\u00e3o dever\u00e1 ser trazido para o IML (Instituto M\u00e9dico Legal) de Coxim onde ser\u00e1 realizado o exame para apurar a causa da morte.<\/p>\n<div class=\"imagem_noticia center img640_480\">PC de Souza- Edi\u00e7\u00e3o noticias<\/p>\n<div class=\"foto_legenda\">Foto: PC de Souza<\/div>\n<\/div>\n","protected":false},"excerpt":{"rendered":"<p>O funcion\u00e1rio da CCR MSVia Dami\u00e3o Teodoro de Camargo, morreu por volta das 23h desta segunda-feira (11), no quil\u00f4metro 808 da BR-163, em Sonora, ap\u00f3s ser esmagado por seu pr\u00f3prio caminh\u00e3o guincho e uma carreta bi-trem. Segundo informa\u00e7\u00f5es repassadas pelo motorista da carreta J.R.M.S.J., de 28 anos, a nossa reportagem, seu caminh\u00e3o modelo Scania com [&hellip;]<\/p>\n","protected":false},"author":4,"featured_media":18458,"comment_status":"closed","ping_status":"closed","sticky":false,"template":"","format":"standard","meta":{"footnotes":""},"categories":[38],"tags":[],"class_list":["post-18457","post","type-post","status-publish","format-standard","has-post-thumbnail","hentry","category-policia"],"_links":{"self":[{"href":"https:\/\/www.ocorreionews.com.br\/acervo-correio\/index.php?rest_route=\/wp\/v2\/posts\/18457","targetHints":{"allow":["GET"]}}],"collection":[{"href":"https:\/\/www.ocorreionews.com.br\/acervo-correio\/index.php?rest_route=\/wp\/v2\/posts"}],"about":[{"href":"https:\/\/www.ocorreionews.com.br\/acervo-correio\/index.php?rest_route=\/wp\/v2\/types\/post"}],"author":[{"embeddable":true,"href":"https:\/\/www.ocorreionews.com.br\/acervo-correio\/index.php?rest_route=\/wp\/v2\/users\/4"}],"replies":[{"embeddable":true,"href":"https:\/\/www.ocorreionews.com.br\/acervo-correio\/index.php?rest_route=%2Fwp%2Fv2%2Fcomments&post=18457"}],"version-history":[{"count":0,"href":"https:\/\/www.ocorreionews.com.br\/acervo-correio\/index.php?rest_route=\/wp\/v2\/posts\/18457\/revisions"}],"wp:featuredmedia":[{"embeddable":true,"href":"https:\/\/www.ocorreionews.com.br\/acervo-correio\/index.php?rest_route=\/wp\/v2\/media\/18458"}],"wp:attachment":[{"href":"https:\/\/www.ocorreionews.com.br\/acervo-correio\/index.php?rest_route=%2Fwp%2Fv2%2Fmedia&parent=18457"}],"wp:term":[{"taxonomy":"category","embeddable":true,"href":"https:\/\/www.ocorreionews.com.br\/acervo-correio\/index.php?rest_route=%2Fwp%2Fv2%2Fcategories&post=18457"},{"taxonomy":"post_tag","embeddable":true,"href":"https:\/\/www.ocorreionews.com.br\/acervo-correio\/index.php?rest_route=%2Fwp%2Fv2%2Ftags&post=18457"}],"curies":[{"name":"wp","href":"https:\/\/api.w.org\/{rel}","templated":true}]}}