{"id":18460,"date":"2016-01-12T07:42:46","date_gmt":"2016-01-12T10:42:46","guid":{"rendered":"https:\/\/ocorreionews.com.br\/?p=18460"},"modified":"2016-01-12T07:42:46","modified_gmt":"2016-01-12T10:42:46","slug":"paranaiba-homem-vinga-a-morte-do-pai-e-mata-o-tio-a-facadas-autor-ja-foi-capturado","status":"publish","type":"post","link":"https:\/\/www.ocorreionews.com.br\/acervo-correio\/?p=18460","title":{"rendered":"PARANA\u00cdBA &#8211; Homem vinga a morte do pai e mata o tio a facadas; autor j\u00e1 foi capturado"},"content":{"rendered":"<p>Jos\u00e9 Ant\u00f4nio Novaes, 47 anos, foi assassinado com duas facadas as 19h desta segunda-feira (11), na rua Pio XI, no Santa Eliza. O autor do crime foi o sobrinho da v\u00edtima, Jos\u00e9 Ant\u00f4nio Gon\u00e7alves Novaes, 21 anos, e j\u00e1 est\u00e1 preso.<\/p>\n<p>Conforme as informa\u00e7\u00f5es obtidas logo ap\u00f3s o crime, a Pol\u00edcia Militar foi acionada por testemunhas, sendo informada que um homem havia sido esfaqueado pelo sobrinho no referido endere\u00e7o. Segundo as testemunhas, o autor quis vingar a morte de seu pai, Nelson Gon\u00e7alves de Souza, que foi morto a facadas na cidade de Inoc\u00eancia, em novembro de 2012.<\/p>\n<p>Segundo consta, Nelson, que na \u00e9poca tinha 54 anos, foi assassinado por Jos\u00e9 Ant\u00f4nio Novaes (seu irm\u00e3o) em uma fazenda na \u201cregi\u00e3o das Morangas\u201d, em Inoc\u00eancia. Ap\u00f3s este crime, o filho de Nelson planejou vingar a morte do pai.<\/p>\n<p>Nesta segunda-feira, o autor foi at\u00e9 onde a v\u00edtima estava e sem que houvesse tempo de defesa desferiu dois golpes de faca, que atingiram o t\u00f3rax e o lado esquerdo do pesco\u00e7o.<\/p>\n<p>O Corpo de Bombeiros foi acionado, mas a v\u00edtima j\u00e1 foi encaminhada para a Santa Casa sem vida.<\/p>\n<p>De posse das informa\u00e7\u00f5es, equipes policiais realizaram diversas dilig\u00eancias no intuito de capturar o autor, que foi encontrado e capturado momentos depois do crime. O autor, que possui uma extensa ficha criminal, com diversas passagens pela pol\u00edcia, foi localizado na rua Jorge Elias Soucheff, onde recebeu voz de pris\u00e3o e encaminhado para a Delegacia de Pol\u00edcia Civil.<\/p>\n<p>Fonte: Jornal Tribuna Livre<\/p>\n","protected":false},"excerpt":{"rendered":"<p>Jos\u00e9 Ant\u00f4nio Novaes, 47 anos, foi assassinado com duas facadas as 19h desta segunda-feira (11), na rua Pio XI, no Santa Eliza. O autor do crime foi o sobrinho da v\u00edtima, Jos\u00e9 Ant\u00f4nio Gon\u00e7alves Novaes, 21 anos, e j\u00e1 est\u00e1 preso. Conforme as informa\u00e7\u00f5es obtidas logo ap\u00f3s o crime, a Pol\u00edcia Militar foi acionada por [&hellip;]<\/p>\n","protected":false},"author":4,"featured_media":18461,"comment_status":"closed","ping_status":"closed","sticky":false,"template":"","format":"standard","meta":{"footnotes":""},"categories":[38],"tags":[],"class_list":["post-18460","post","type-post","status-publish","format-standard","has-post-thumbnail","hentry","category-policia"],"_links":{"self":[{"href":"https:\/\/www.ocorreionews.com.br\/acervo-correio\/index.php?rest_route=\/wp\/v2\/posts\/18460","targetHints":{"allow":["GET"]}}],"collection":[{"href":"https:\/\/www.ocorreionews.com.br\/acervo-correio\/index.php?rest_route=\/wp\/v2\/posts"}],"about":[{"href":"https:\/\/www.ocorreionews.com.br\/acervo-correio\/index.php?rest_route=\/wp\/v2\/types\/post"}],"author":[{"embeddable":true,"href":"https:\/\/www.ocorreionews.com.br\/acervo-correio\/index.php?rest_route=\/wp\/v2\/users\/4"}],"replies":[{"embeddable":true,"href":"https:\/\/www.ocorreionews.com.br\/acervo-correio\/index.php?rest_route=%2Fwp%2Fv2%2Fcomments&post=18460"}],"version-history":[{"count":0,"href":"https:\/\/www.ocorreionews.com.br\/acervo-correio\/index.php?rest_route=\/wp\/v2\/posts\/18460\/revisions"}],"wp:featuredmedia":[{"embeddable":true,"href":"https:\/\/www.ocorreionews.com.br\/acervo-correio\/index.php?rest_route=\/wp\/v2\/media\/18461"}],"wp:attachment":[{"href":"https:\/\/www.ocorreionews.com.br\/acervo-correio\/index.php?rest_route=%2Fwp%2Fv2%2Fmedia&parent=18460"}],"wp:term":[{"taxonomy":"category","embeddable":true,"href":"https:\/\/www.ocorreionews.com.br\/acervo-correio\/index.php?rest_route=%2Fwp%2Fv2%2Fcategories&post=18460"},{"taxonomy":"post_tag","embeddable":true,"href":"https:\/\/www.ocorreionews.com.br\/acervo-correio\/index.php?rest_route=%2Fwp%2Fv2%2Ftags&post=18460"}],"curies":[{"name":"wp","href":"https:\/\/api.w.org\/{rel}","templated":true}]}}