{"id":18463,"date":"2016-01-12T07:50:02","date_gmt":"2016-01-12T10:50:02","guid":{"rendered":"https:\/\/ocorreionews.com.br\/?p=18463"},"modified":"2016-01-12T07:50:02","modified_gmt":"2016-01-12T10:50:02","slug":"costa-rica-e-escolhida-para-projeto-piloto-e-agentes-comunitarios-de-saude-e-agentes-de-combate-as-endemias-recebem-tabletes","status":"publish","type":"post","link":"https:\/\/www.ocorreionews.com.br\/acervo-correio\/?p=18463","title":{"rendered":"Costa Rica \u00e9 escolhida para Projeto Piloto e agentes Comunit\u00e1rios de Sa\u00fade e agentes de Combate as Endemias recebem tabletes"},"content":{"rendered":"<div class=\"marginBottom30px link-Internas\">\n<p style=\"text-align: justify;\">O Munic\u00edpio de Costa Rica \u2013 MS foi escolhido junto com mais cinco cidades do Estado de Mato Grosso do sul para desenvolver o Projeto Piloto do Aplicativo de Controle de Endemias.<\/p>\n<p style=\"text-align: justify;\">Costa Rica foi escolhida pelo bom desempenho e pelo cumprimento dos indicadores de Sa\u00fade que foram pactuados com o Estado e com o Minist\u00e9rio da Sa\u00fade. O prefeito Waldeli dos Santos Rosa garante que o Munic\u00edpio tem como premissa a amplia\u00e7\u00e3o e a melhoria na qualidade da Sa\u00fade dos cidad\u00e3os e vem a cada dia aprimorando as tecnologias que busquem maior agilidade e resolutividade nos servi\u00e7os.<\/p>\n<p style=\"text-align: justify;\">Conforme a secret\u00e1ria Municipal de Sa\u00fade Adriana Tobal, esse projeto \u00e9 piloto no Pa\u00eds e tem como objetivo maior o acompanhamento em tempo real da situa\u00e7\u00e3o local, ou seja, identificar as pessoas que apresentam sintomas da doen\u00e7a e monitorar os poss\u00edveis criadouros do mosquito Aeds Egypit, transmissor da Dengue, Chicungunha e Zika V\u00edrus.<\/p>\n<p style=\"text-align: justify;\">\u201cPara desenvolver o projeto em Costa Rica, a Secretaria de Sa\u00fade recebeu 37 Tabletes que ser\u00e3o utilizados durante as visitas domiciliares realizadas pelos ACE &#8211; Agentes de Combate de Endemias &#8211; e os ACS &#8211; Agentes Comunit\u00e1rios de Sa\u00fade. A utiliza\u00e7\u00e3o dos tabletes facilitar\u00e1 a coleta de dados e registro de cada cidad\u00e3o, bem como trar\u00e1 mais qualidade nas informa\u00e7\u00f5es\u201d, explica Adriana Tobal.<\/p>\n<p style=\"text-align: justify;\"><a href=\"https:\/\/ocorreionews.com.br\/wp-content\/uploads\/2016\/01\/cbb4ff23015521a2ef79ec8ad4653104.jpg\" rel=\"attachment wp-att-18464\"><img loading=\"lazy\" decoding=\"async\" class=\"alignnone wp-image-18464 \" src=\"https:\/\/ocorreionews.com.br\/wp-content\/uploads\/2016\/01\/cbb4ff23015521a2ef79ec8ad4653104.jpg\" alt=\"cbb4ff23015521a2ef79ec8ad4653104\" width=\"583\" height=\"437\" srcset=\"https:\/\/www.ocorreionews.com.br\/acervo-correio\/wp-content\/uploads\/2016\/01\/cbb4ff23015521a2ef79ec8ad4653104.jpg 800w, https:\/\/www.ocorreionews.com.br\/acervo-correio\/wp-content\/uploads\/2016\/01\/cbb4ff23015521a2ef79ec8ad4653104-300x225.jpg 300w, https:\/\/www.ocorreionews.com.br\/acervo-correio\/wp-content\/uploads\/2016\/01\/cbb4ff23015521a2ef79ec8ad4653104-768x576.jpg 768w, https:\/\/www.ocorreionews.com.br\/acervo-correio\/wp-content\/uploads\/2016\/01\/cbb4ff23015521a2ef79ec8ad4653104-100x75.jpg 100w\" sizes=\"auto, (max-width: 583px) 100vw, 583px\" \/><\/a><\/p>\n<p style=\"text-align: justify;\">A Divis\u00e3o de Tecnologia e Inform\u00e1tica da Secretaria de Estado capacitou todo os ACS e ACE de Costa Rica, assim como os enfermeiros coordenadores das equipes. O coordenador Geandro Almeida complementa que \u201cos agentes no final do expediente repassar\u00e3o todas as informa\u00e7\u00f5es para a Secretaria Municipal e a Secretaria Estadual de Sa\u00fade on line onde foi criado uma sala de situa\u00e7\u00e3o no Estado para receber as informa\u00e7\u00f5es em tempo real, sendo poss\u00edvel agir nas \u00e1reas de maior risco, evitando assim uma maior prolifera\u00e7\u00e3o da doen\u00e7a\u201d.<\/p>\n<p style=\"text-align: justify;\">Adriana Tobal acrescenta que com um sistema informatizado, ser\u00e1 poss\u00edvel avan\u00e7ar ainda mais na organiza\u00e7\u00e3o dos servi\u00e7os, obter um sistema de registro amplo e com dados bem definidos e uniformes, e ainda, obter maior controle e monitoramento das equipes, \u201cvamos acompanhar todas as visitas domiciliares. Assim, o Munic\u00edpio pode seguir a evolu\u00e7\u00e3o dos servi\u00e7os de sa\u00fade e tomar decis\u00f5es cada vez mais acertadas, visando melhorar a vida da popula\u00e7\u00e3o\u201d.<\/p>\n<p style=\"text-align: justify;\">\u201cVale ressaltar que em outubro foi realizado o Arrast\u00e3o da Dengue, durou aproximadamente 40 dias e foram retirados 60 caminh\u00f5es de lixo, novembro e dezembro foram realizadas palestras nas escolas e blits educativas. E agora recebemos os tabletes para fortalecer nossas a\u00e7\u00f5es\u201d, finalizou a secret\u00e1ria de Sa\u00fade.<\/p>\n<\/div>\n<div class=\"marginBottom30px link-Internas\" style=\"text-align: justify;\">ASSECOM\/PMCR<\/div>\n","protected":false},"excerpt":{"rendered":"<p>O Munic\u00edpio de Costa Rica \u2013 MS foi escolhido junto com mais cinco cidades do Estado de Mato Grosso do sul para desenvolver o Projeto Piloto do Aplicativo de Controle de Endemias. Costa Rica foi escolhida pelo bom desempenho e pelo cumprimento dos indicadores de Sa\u00fade que foram pactuados com o Estado e com o [&hellip;]<\/p>\n","protected":false},"author":4,"featured_media":18465,"comment_status":"closed","ping_status":"closed","sticky":false,"template":"","format":"standard","meta":{"footnotes":""},"categories":[25],"tags":[],"class_list":["post-18463","post","type-post","status-publish","format-standard","has-post-thumbnail","hentry","category-costa-rica"],"_links":{"self":[{"href":"https:\/\/www.ocorreionews.com.br\/acervo-correio\/index.php?rest_route=\/wp\/v2\/posts\/18463","targetHints":{"allow":["GET"]}}],"collection":[{"href":"https:\/\/www.ocorreionews.com.br\/acervo-correio\/index.php?rest_route=\/wp\/v2\/posts"}],"about":[{"href":"https:\/\/www.ocorreionews.com.br\/acervo-correio\/index.php?rest_route=\/wp\/v2\/types\/post"}],"author":[{"embeddable":true,"href":"https:\/\/www.ocorreionews.com.br\/acervo-correio\/index.php?rest_route=\/wp\/v2\/users\/4"}],"replies":[{"embeddable":true,"href":"https:\/\/www.ocorreionews.com.br\/acervo-correio\/index.php?rest_route=%2Fwp%2Fv2%2Fcomments&post=18463"}],"version-history":[{"count":0,"href":"https:\/\/www.ocorreionews.com.br\/acervo-correio\/index.php?rest_route=\/wp\/v2\/posts\/18463\/revisions"}],"wp:featuredmedia":[{"embeddable":true,"href":"https:\/\/www.ocorreionews.com.br\/acervo-correio\/index.php?rest_route=\/wp\/v2\/media\/18465"}],"wp:attachment":[{"href":"https:\/\/www.ocorreionews.com.br\/acervo-correio\/index.php?rest_route=%2Fwp%2Fv2%2Fmedia&parent=18463"}],"wp:term":[{"taxonomy":"category","embeddable":true,"href":"https:\/\/www.ocorreionews.com.br\/acervo-correio\/index.php?rest_route=%2Fwp%2Fv2%2Fcategories&post=18463"},{"taxonomy":"post_tag","embeddable":true,"href":"https:\/\/www.ocorreionews.com.br\/acervo-correio\/index.php?rest_route=%2Fwp%2Fv2%2Ftags&post=18463"}],"curies":[{"name":"wp","href":"https:\/\/api.w.org\/{rel}","templated":true}]}}