{"id":18475,"date":"2016-01-12T08:25:41","date_gmt":"2016-01-12T11:25:41","guid":{"rendered":"https:\/\/ocorreionews.com.br\/?p=18475"},"modified":"2016-01-12T08:25:41","modified_gmt":"2016-01-12T11:25:41","slug":"funcionario-da-ccr-msvia-morre-esmagado-por-guincho-na-br-163-2","status":"publish","type":"post","link":"https:\/\/www.ocorreionews.com.br\/acervo-correio\/?p=18475","title":{"rendered":"Funcion\u00e1rio da CCR MSVia morre esmagado por guincho na BR-163"},"content":{"rendered":"<p>O funcion\u00e1rio da CCR MSVia, Dami\u00e3o Teodoro de Camargo, morreu por volta das 23 horas desta segunda-feira (11), no quil\u00f4metro 808 da BR-163, em Sonora, ap\u00f3s ser esmagado por seu pr\u00f3prio caminh\u00e3o guincho e uma carreta bitrem.<\/p>\n<p>Segundo o motorista da carreta J.R.M.S.J., de 28 anos, seu caminh\u00e3o modelo Scania com placas de Primavera do Leste (MT), carregado com 57 toneladas de milho, apresentou problemas nos freio pr\u00f3ximo ao quilometro 813 da rodovia e foi atendido prontamente por uma equipe que passava pelo local, acionando o guincho para assist\u00eancia.<\/p>\n<p>Em poucos minutos a empresa iniciou o reboque por aproximadamente cinco quil\u00f4metros, momento em que o motorista da carreta alertou que estava havendo um novo problema nos freios. \u201cDami\u00e3ozinho\u201d, como era conhecido, parou no acostamento, e informou o motorista que iria desatrelar o guincho para que no dia seguinte um mec\u00e2nico efetuasse o socorro.<\/p>\n<p>Ao se posicionar entre o guincho e a carreta, Camargo pediu que o motorista travasse os freios da carreta para que ele soltasse o elevador, liberando o ve\u00edculo, \u201cJ\u201d disse que viu o funcion\u00e1rio baixando o cavalo, e quando ele chegou pr\u00f3ximo ao primeiro rodado percebeu que seu caminh\u00e3o se deslocou para frente. Ainda de acordo com o motorista, n\u00e3o foram cal\u00e7ados os pneus nesse momento.<\/p>\n<p>Ao retornar o motorista presenciou Dami\u00e3ozinho prensado entre os ve\u00edculos, vendo a situa\u00e7\u00e3o ele correu at\u00e9 um posto de combust\u00edveis pedindo socorro, rapidamente a v\u00edtima foi retirada, mas j\u00e1 estava sem vida. Equipes da CCR MSVia tentaram reanimar o funcion\u00e1rio por v\u00e1rios minutos, sem sucesso.<\/p>\n<p>Uma equipe da PRF (Pol\u00edcia Rodovi\u00e1ria Federal) preservou o local at\u00e9 a chegada dos peritos, o tr\u00e2nsito no local permaneceu normal. O corpo de Dami\u00e3ozinho dever\u00e1 ser trazido para o IML (Instituto M\u00e9dico Legal) de Coxim onde ser\u00e1 realizado o exame para apurar a causa da morte. O vel\u00f3rio e enterro tamb\u00e9m deve acontecer em Coxim, onde a v\u00edtima residia.<\/p>\n<div class=\"imagem_noticia center img640_480\"><a href=\"http:\/\/edicaoms.com.br\/uploads\/images\/noticias\/ff00febded5ca6db8f311206cb615979.jpg\" data-lightbox=\"example-2\" data-title=\"Foto: PC de Souza\"><img decoding=\"async\" title=\"\" src=\"http:\/\/edicaoms.com.br\/uploads\/images\/noticias\/ff00febded5ca6db8f311206cb615979.jpg\" alt=\"\" \/><\/a><\/p>\n<div class=\"foto_legenda\"><\/div>\n<div class=\"foto_legenda\"><\/div>\n<div class=\"foto_legenda\"><\/div>\n<div class=\"foto_legenda\"><\/div>\n<div class=\"foto_legenda\"><\/div>\n<div class=\"foto_legenda\">Fonte: Edi\u00e7\u00e3o de Noticias &#8211; Foto: PC de Souza<\/div>\n<\/div>\n","protected":false},"excerpt":{"rendered":"<p>O funcion\u00e1rio da CCR MSVia, Dami\u00e3o Teodoro de Camargo, morreu por volta das 23 horas desta segunda-feira (11), no quil\u00f4metro 808 da BR-163, em Sonora, ap\u00f3s ser esmagado por seu pr\u00f3prio caminh\u00e3o guincho e uma carreta bitrem. Segundo o motorista da carreta J.R.M.S.J., de 28 anos, seu caminh\u00e3o modelo Scania com placas de Primavera do [&hellip;]<\/p>\n","protected":false},"author":4,"featured_media":18476,"comment_status":"closed","ping_status":"closed","sticky":false,"template":"","format":"standard","meta":{"footnotes":""},"categories":[38],"tags":[],"class_list":["post-18475","post","type-post","status-publish","format-standard","has-post-thumbnail","hentry","category-policia"],"_links":{"self":[{"href":"https:\/\/www.ocorreionews.com.br\/acervo-correio\/index.php?rest_route=\/wp\/v2\/posts\/18475","targetHints":{"allow":["GET"]}}],"collection":[{"href":"https:\/\/www.ocorreionews.com.br\/acervo-correio\/index.php?rest_route=\/wp\/v2\/posts"}],"about":[{"href":"https:\/\/www.ocorreionews.com.br\/acervo-correio\/index.php?rest_route=\/wp\/v2\/types\/post"}],"author":[{"embeddable":true,"href":"https:\/\/www.ocorreionews.com.br\/acervo-correio\/index.php?rest_route=\/wp\/v2\/users\/4"}],"replies":[{"embeddable":true,"href":"https:\/\/www.ocorreionews.com.br\/acervo-correio\/index.php?rest_route=%2Fwp%2Fv2%2Fcomments&post=18475"}],"version-history":[{"count":0,"href":"https:\/\/www.ocorreionews.com.br\/acervo-correio\/index.php?rest_route=\/wp\/v2\/posts\/18475\/revisions"}],"wp:featuredmedia":[{"embeddable":true,"href":"https:\/\/www.ocorreionews.com.br\/acervo-correio\/index.php?rest_route=\/wp\/v2\/media\/18476"}],"wp:attachment":[{"href":"https:\/\/www.ocorreionews.com.br\/acervo-correio\/index.php?rest_route=%2Fwp%2Fv2%2Fmedia&parent=18475"}],"wp:term":[{"taxonomy":"category","embeddable":true,"href":"https:\/\/www.ocorreionews.com.br\/acervo-correio\/index.php?rest_route=%2Fwp%2Fv2%2Fcategories&post=18475"},{"taxonomy":"post_tag","embeddable":true,"href":"https:\/\/www.ocorreionews.com.br\/acervo-correio\/index.php?rest_route=%2Fwp%2Fv2%2Ftags&post=18475"}],"curies":[{"name":"wp","href":"https:\/\/api.w.org\/{rel}","templated":true}]}}