{"id":18482,"date":"2016-01-12T08:42:14","date_gmt":"2016-01-12T11:42:14","guid":{"rendered":"https:\/\/ocorreionews.com.br\/?p=18482"},"modified":"2016-01-12T08:42:36","modified_gmt":"2016-01-12T11:42:36","slug":"18482","status":"publish","type":"post","link":"https:\/\/www.ocorreionews.com.br\/acervo-correio\/?p=18482","title":{"rendered":"M\u00e9dias das provas do Enem 2015 caem; desempenho individual sobe"},"content":{"rendered":"<div>O Exame Nacional do Ensino M\u00e9dio (Enem) de 2015 registrou ligeira queda nas m\u00e9dias obtidas pelos estudantes em tr\u00eas das quatro provas objetivas e redu\u00e7\u00e3o no n\u00famero de reda\u00e7\u00f5es nota m\u00e1xima, 1 mil, em rela\u00e7\u00e3o ao exame do ano anterior. Foi no entanto, o exame com o maior desempenho registrado em matem\u00e1tica. Pela primeira vez, 13 participantes tiraram 1008,3. Os dados foram divulgados hoje (11) pelo Minist\u00e9rio da Educa\u00e7\u00e3o (MEC).<\/div>\n<div><\/div>\n<div>Em 2015, as m\u00e9dias nas provas do Enem foram 558,1 em Ci\u00eancias Humanas; 478,8 em Ci\u00eancias da Natureza; 505,3 em Linguagens e C\u00f3digos; e, 467,9 em Matem\u00e1tica. Em 2014, as m\u00e9dias foram 546,5 em Ci\u00eancias Humanas &#8211; \u00fanica mais baixa em rela\u00e7\u00e3o a este ano -; 482,2 em Ci\u00eancias da Natureza; 507,9 em Linguagens e C\u00f3digos; e, 473,5 em Matem\u00e1tica.<\/div>\n<div><\/div>\n<div>Em reda\u00e7\u00e3o, 104 pessoas tiraram a nota m\u00e1xima \u2013 1 mil \u2013 na reda\u00e7\u00e3o, com o tema \u201cA persist\u00eancia da \u00a0viol\u00eancia contra a mulher na sociedade brasileira\u201d. O n\u00famero \u00e9 mais que duas vezes menor do que na edi\u00e7\u00e3o anterior, em 2014, quando chegou a 250 estudantes. Em 2014, o tema da reda\u00e7\u00e3o foi &#8220;Publicidade infantil em quest\u00e3o no Brasil&#8221;.<\/div>\n<div><\/div>\n<div>Mesmo com queda na nota m\u00e1xima, o grupo que tirou entre 901 e 999 aumentou em rela\u00e7\u00e3o ao ano anterior. Em 2015, foram 47.770, enquanto em 2014, foram 35.719. Em 2015, 53.032 participantes tiraram a nota 0. Eles n\u00e3o poder\u00e3o participar dos programas de sele\u00e7\u00e3o para vagas no ensino superior do MEC. O n\u00famero, no entanto, caiu em rela\u00e7\u00e3o a 2014, quando 529.373 zeraram a reda\u00e7\u00e3o.<\/div>\n<div><\/div>\n<div>Sobre a varia\u00e7\u00e3o das m\u00e9dias, o ministro da Educa\u00e7\u00e3o, Aloizio Mercadante, diz que o dado n\u00e3o \u00e9 relevante. &#8220;Ao longo da hist\u00f3ria h\u00e1 oscila\u00e7\u00f5es. Se fosse uma tend\u00eancia [seria preocupante], mas n\u00e3o \u00e9&#8221;, diz. Ele acrescenta: &#8220;A prova permitiu aos que sabiam mais mostrar isso&#8221;, disse, ressaltando que foi a primeira vez que estudantes tiraram mais do que 1 mil na prova de matem\u00e1tica.<\/div>\n<div><\/div>\n<div>Em rela\u00e7\u00e3o \u00e0 reda\u00e7\u00e3o, na avalia\u00e7\u00e3o do ministro, o desempenho &#8220;foi bastante razo\u00e1vel&#8221;. As reda\u00e7\u00f5es s\u00e3o revistas por dois corretores. Se h\u00e1 uma diferen\u00e7a maior do que 100 pontos entre as notas dadas por eles, a reda\u00e7\u00e3o vai para um terceiro corretor. Segundo ele, nesse ano caiu muito a necessidade do terceiro corretor, o que mostra tamb\u00e9m uma melhor capacita\u00e7\u00e3o dos profissionais que atuam na corre\u00e7\u00e3o.<\/div>\n<div><\/div>\n<div>A divulga\u00e7\u00e3o das notas de reda\u00e7\u00e3o este ano inclu\u00edu apenas os estudantes que fizeram a prova, segundo Mercadante. No ano passado, os que deixaram a reda\u00e7\u00e3o em branco foram computados entre os que tiraram zero, inflando o n\u00famero.<\/div>\n<div><\/div>\n<div>Notas dispon\u00edveis<\/div>\n<div><\/div>\n<div>Do total de 5.810.948 participantes do Enem 2015, 4 milh\u00f5es acessaram as notas na P\u00e1gina do Participante at\u00e9 esta tarde, de acordo com o MEC. Durante o final de semana, os estudantes relataram nas redes sociais diversos problemas, desde n\u00e3o conseguir acessar o resultado at\u00e9 terem as notas mudadas a cada acesso.<\/div>\n<div><\/div>\n<div>Segundo Mercadante, est\u00e1 &#8220;tudo corrigido. As informa\u00e7\u00f5es foram prestadas a todos os estudantes e n\u00e3o temos registros de nada significativo&#8221;, afirmou. As notas est\u00e3o dispon\u00edveis desde a \u00faltima sexta-feira (8).<\/div>\n<div><\/div>\n<div>Fonte: Ag\u00eancia Brasil<\/div>\n","protected":false},"excerpt":{"rendered":"<p>O Exame Nacional do Ensino M\u00e9dio (Enem) de 2015 registrou ligeira queda nas m\u00e9dias obtidas pelos estudantes em tr\u00eas das quatro provas objetivas e redu\u00e7\u00e3o no n\u00famero de reda\u00e7\u00f5es nota m\u00e1xima, 1 mil, em rela\u00e7\u00e3o ao exame do ano anterior. Foi no entanto, o exame com o maior desempenho registrado em matem\u00e1tica. Pela primeira vez, [&hellip;]<\/p>\n","protected":false},"author":4,"featured_media":18483,"comment_status":"closed","ping_status":"closed","sticky":false,"template":"","format":"standard","meta":{"footnotes":""},"categories":[27],"tags":[],"class_list":["post-18482","post","type-post","status-publish","format-standard","has-post-thumbnail","hentry","category-educacao"],"_links":{"self":[{"href":"https:\/\/www.ocorreionews.com.br\/acervo-correio\/index.php?rest_route=\/wp\/v2\/posts\/18482","targetHints":{"allow":["GET"]}}],"collection":[{"href":"https:\/\/www.ocorreionews.com.br\/acervo-correio\/index.php?rest_route=\/wp\/v2\/posts"}],"about":[{"href":"https:\/\/www.ocorreionews.com.br\/acervo-correio\/index.php?rest_route=\/wp\/v2\/types\/post"}],"author":[{"embeddable":true,"href":"https:\/\/www.ocorreionews.com.br\/acervo-correio\/index.php?rest_route=\/wp\/v2\/users\/4"}],"replies":[{"embeddable":true,"href":"https:\/\/www.ocorreionews.com.br\/acervo-correio\/index.php?rest_route=%2Fwp%2Fv2%2Fcomments&post=18482"}],"version-history":[{"count":0,"href":"https:\/\/www.ocorreionews.com.br\/acervo-correio\/index.php?rest_route=\/wp\/v2\/posts\/18482\/revisions"}],"wp:featuredmedia":[{"embeddable":true,"href":"https:\/\/www.ocorreionews.com.br\/acervo-correio\/index.php?rest_route=\/wp\/v2\/media\/18483"}],"wp:attachment":[{"href":"https:\/\/www.ocorreionews.com.br\/acervo-correio\/index.php?rest_route=%2Fwp%2Fv2%2Fmedia&parent=18482"}],"wp:term":[{"taxonomy":"category","embeddable":true,"href":"https:\/\/www.ocorreionews.com.br\/acervo-correio\/index.php?rest_route=%2Fwp%2Fv2%2Fcategories&post=18482"},{"taxonomy":"post_tag","embeddable":true,"href":"https:\/\/www.ocorreionews.com.br\/acervo-correio\/index.php?rest_route=%2Fwp%2Fv2%2Ftags&post=18482"}],"curies":[{"name":"wp","href":"https:\/\/api.w.org\/{rel}","templated":true}]}}