{"id":18486,"date":"2016-01-12T08:49:04","date_gmt":"2016-01-12T11:49:04","guid":{"rendered":"https:\/\/ocorreionews.com.br\/?p=18486"},"modified":"2016-01-12T08:49:04","modified_gmt":"2016-01-12T11:49:04","slug":"mec-estuda-separar-enem-entre-prova-de-certificacao-e-vestibular","status":"publish","type":"post","link":"https:\/\/www.ocorreionews.com.br\/acervo-correio\/?p=18486","title":{"rendered":"MEC estuda separar Enem entre prova de certifica\u00e7\u00e3o e vestibular"},"content":{"rendered":"<p><span class=\"intro\">O<\/span> <strong>ministro da Educa\u00e7\u00e3o<\/strong>, Aloizio <strong>Mercadante<\/strong>, disse nesta segunda-feira (11\/01) que o governo estuda a<strong> separa\u00e7\u00e3o de provas <\/strong>para os alunos que querem apenas a certifica\u00e7\u00e3o no segundo grau dos que querem concorrer a uma vaga na universidade. Dos pouco mais de 6 milh\u00f5es que prestam provas do Exame Nacional do Ensino M\u00e9dio (Enem) no ano passado, 800 mil tinham objetivo obter o diploma e os 5,2 milh\u00f5es demais s\u00e3o candidatos \u00e0s universidades.<\/p>\n<p>A dificuldade de mudar o sistema, de acordo com o ministro, \u00e9 que muitos estudantes que, a princ\u00edpio, querem apenas o diploma de conclus\u00e3o daquele ciclo escolar, depois acabam usando a mesma nota do Enem para acessar o ensino superior, sem precisar de nova prova.&#8221;Por isso, estamos avaliando bem esta quest\u00e3o&#8221;, declarou Mercadante.<\/p>\n<p>Em caso de separa\u00e7\u00e3o das provas, o aluno precisaria se submeter a novo exame. Mas o ministro entende que o m\u00e9todo precisa ser alterado. &#8220;O sarrafo n\u00e3o \u00e9 adequado&#8221;, comentou, ao explicar que n\u00e3o seria preciso que todos se submetessem \u00e0 mesma prova, j\u00e1 que, muitas vezes, o aluno se submete ao Enem para certifica\u00e7\u00e3o de apenas uma ou duas disciplinas e n\u00e3o para todas as mat\u00e9rias.&#8221;A dificuldade \u00e9 exatamente fazer um exame que contemple as duas pontas, que certifique bem e permita um bom acesso \u00e0 universidade&#8221;, comentou, acrescentando que o objetivo \u00e9 sempre aprimorar mais o exame, a seguran\u00e7a do sistema. &#8220;Precisamos analisar se, de fato, para a certifica\u00e7\u00e3o, o Enem \u00e9 adequado, ou se precisa mudar.&#8221;<\/p>\n<div class=\"componente_materia\">\n<div class=\"intertitulo\"><strong>Dois Enens<\/strong><\/div>\n<\/div>\n<p>O ministro da Educa\u00e7\u00e3o n\u00e3o quis falar sobre a possibilidade da realiza\u00e7\u00e3o de dois Enens no mesmo ano, um pleito dos estudantes para terem duas oportunidades por ano de ingressar no ensino superior. Questionado se poderia ter dois exames, o ministro foi lac\u00f4nico: &#8220;N\u00e3o posso te dizer isso&#8221;. Mercadante explicou ainda que o Minist\u00e9rio da Educa\u00e7\u00e3o (MEC) est\u00e1 trabalhando para &#8220;separar o Enem da certifica\u00e7\u00e3o&#8221;. Ele lembrou que hoje, Enem, certifica\u00e7\u00e3o, Financiamento Estudantil (Fies), Sistema de Sele\u00e7\u00e3o Unificada (Sisu), Programa Universidade para Todos (ProUni), Ci\u00eancia sem Fronteira (CsF) s\u00e3o feitos usando os mesmo crit\u00e9rios.&#8221;\u00c9 muito dif\u00edcil voc\u00ea assobiar e chupar cana ao mesmo tempo, ou seja, \u00e9 muito dif\u00edcil ter um exame que d\u00ea conta das duas coisas&#8221;, disse Mercadante.<\/p>\n<div class=\"componente_materia\">\n<div class=\"intertitulo\"><strong>Enade digital<\/strong><\/div>\n<\/div>\n<p>Mercadante contou que o MEC pretende tamb\u00e9m fazer alguns provas do Exame Nacional de Desempenho de Estudantes (Enade) de forma digital &#8211; a prova \u00e9 destinada ao aluno que est\u00e1 concluindo o ensino superior. Como exemplo, citou a possibilidade de Enade para cursos como M\u00fasica, porque o exame pode se tornar mais interessante e mais espec\u00edfico. Mas ele reconheceu que ainda n\u00e3o \u00e9 poss\u00edvel fazer isso para todos os estudantes do Enade, ao lembrar que o \u00faltimo foi prestado por 550 mil estudantes. A ideia \u00e9 fazer com alguns alunos, de certas \u00e1reas.<\/p>\n<div class=\"componente_materia\">\n<div class=\"intertitulo\"><strong>Fies<\/strong><\/div>\n<\/div>\n<p>O ministro contestou o dado divulgado pela Controladoria-Geral da Uni\u00e3o (CGU) que indicou inadimpl\u00eancia de 47,14% nos contratos do Fies em 2014. Segundo Mercadante, a CGU analisou 315 mil contratos. Destes, 146 mil est\u00e3o inadimplentes. Deste total, apenas 5 mil &#8211; ou 3,4% &#8211; s\u00e3o referentes a contratos pelo novo Fies, que prev\u00ea que o fundo garantidor arque com a responsabilidade de pagamento do contrato caso o aluno n\u00e3o pague a mensalidade.<\/p>\n<p>Os demais 141 mil contratos seriam referentes ao Fies antigo, de antes de 2010, em que o aluno, ao pedir o empr\u00e9stimo para custear seus estudos, dava como garantia de pagamento um fiador particular. Neste caso, segundo o ministro Mercadante, o governo tentar\u00e1 uma ampla negocia\u00e7\u00e3o para tentar receber os recursos e, caso n\u00e3o consiga, poder\u00e1 entrar na Justi\u00e7a para exigir o pagamento da pessoa f\u00edsica. &#8220;Estes (141 mil) s\u00e3o referentes \u00e0 inadimpl\u00eancia do modelo anterior que n\u00f3s identificamos e mudamos. E, no modelo anterior, as pessoas, obrigatoriamente tinham avalista e, ent\u00e3o, a responsabilidade \u00e9 da pessoa f\u00edsica e n\u00e3o entra no fundo garantidor&#8221;, afirmou o ministro.<\/p>\n<p>&#8220;Este volume (3,4%) est\u00e1 dentro dos melhores indicadores de inadimpl\u00eancia na conjuntura&#8221;, observou. Sobre os atrasados antigos, Mercadante insistiu que &#8220;o melhor caminho, \u00e9 sempre a negocia\u00e7\u00e3o&#8221;.<\/p>\n<p>Mercadante aproveitou ainda para elogiar o desempenho de 13 alunos que obtiveram a nota m\u00e1xima em matem\u00e1tica. Disse tamb\u00e9m que, de acordo com o \u00faltimo Censo feito em institui\u00e7\u00f5es de n\u00edvel superior em todo o pa\u00eds, 35% s\u00e3o o primeiro aluno da fam\u00edlia a ingressar em uma universidade. O ministro citou ainda que, em universidades como a de Minas Gerais (UFMG), j\u00e1 h\u00e1 dados apontando que os cotistas est\u00e3o apresentando desempenho melhor do que os que n\u00e3o entraram pelas cotas.<\/p>\n<p>&nbsp;<\/p>\n<p>&nbsp;<\/p>\n<p><em><strong>Revista \u00c9poca<\/strong><\/em><\/p>\n","protected":false},"excerpt":{"rendered":"<p>O ministro da Educa\u00e7\u00e3o, Aloizio Mercadante, disse nesta segunda-feira (11\/01) que o governo estuda a separa\u00e7\u00e3o de provas para os alunos que querem apenas a certifica\u00e7\u00e3o no segundo grau dos que querem concorrer a uma vaga na universidade. Dos pouco mais de 6 milh\u00f5es que prestam provas do Exame Nacional do Ensino M\u00e9dio (Enem) no [&hellip;]<\/p>\n","protected":false},"author":4,"featured_media":18487,"comment_status":"closed","ping_status":"closed","sticky":false,"template":"","format":"standard","meta":{"footnotes":""},"categories":[27],"tags":[],"class_list":["post-18486","post","type-post","status-publish","format-standard","has-post-thumbnail","hentry","category-educacao"],"_links":{"self":[{"href":"https:\/\/www.ocorreionews.com.br\/acervo-correio\/index.php?rest_route=\/wp\/v2\/posts\/18486","targetHints":{"allow":["GET"]}}],"collection":[{"href":"https:\/\/www.ocorreionews.com.br\/acervo-correio\/index.php?rest_route=\/wp\/v2\/posts"}],"about":[{"href":"https:\/\/www.ocorreionews.com.br\/acervo-correio\/index.php?rest_route=\/wp\/v2\/types\/post"}],"author":[{"embeddable":true,"href":"https:\/\/www.ocorreionews.com.br\/acervo-correio\/index.php?rest_route=\/wp\/v2\/users\/4"}],"replies":[{"embeddable":true,"href":"https:\/\/www.ocorreionews.com.br\/acervo-correio\/index.php?rest_route=%2Fwp%2Fv2%2Fcomments&post=18486"}],"version-history":[{"count":0,"href":"https:\/\/www.ocorreionews.com.br\/acervo-correio\/index.php?rest_route=\/wp\/v2\/posts\/18486\/revisions"}],"wp:featuredmedia":[{"embeddable":true,"href":"https:\/\/www.ocorreionews.com.br\/acervo-correio\/index.php?rest_route=\/wp\/v2\/media\/18487"}],"wp:attachment":[{"href":"https:\/\/www.ocorreionews.com.br\/acervo-correio\/index.php?rest_route=%2Fwp%2Fv2%2Fmedia&parent=18486"}],"wp:term":[{"taxonomy":"category","embeddable":true,"href":"https:\/\/www.ocorreionews.com.br\/acervo-correio\/index.php?rest_route=%2Fwp%2Fv2%2Fcategories&post=18486"},{"taxonomy":"post_tag","embeddable":true,"href":"https:\/\/www.ocorreionews.com.br\/acervo-correio\/index.php?rest_route=%2Fwp%2Fv2%2Ftags&post=18486"}],"curies":[{"name":"wp","href":"https:\/\/api.w.org\/{rel}","templated":true}]}}