{"id":18498,"date":"2016-01-12T08:30:27","date_gmt":"2016-01-12T11:30:27","guid":{"rendered":"https:\/\/ocorreionews.com.br\/?p=18498"},"modified":"2016-01-12T09:03:40","modified_gmt":"2016-01-12T12:03:40","slug":"representante-de-mt-no-musa-do-brasil-raquel-santos-morre-apos-lipoaspiracao","status":"publish","type":"post","link":"https:\/\/www.ocorreionews.com.br\/acervo-correio\/?p=18498","title":{"rendered":"Representante de MT no Musa do Brasil Raquel Santos morre ap\u00f3s lipoaspira\u00e7\u00e3o"},"content":{"rendered":"<p>Raquel Santos, uma das finalistas do concurso Musa do Brasil, morreu ap\u00f3s se submeter a uma lipoaspira\u00e7\u00e3o, no fim da tarde desta segunda-feira, 11.<\/p>\n<p>A jovem de 28 anos, que \u00e9 de Niter\u00f3i, no Rio, mas representava Mato Grosso no Musa do Brasil, era casada e tinha dois filhos &#8211; de 13 e 7 anos. Foi o marido dela que informou \u00e0 organiza\u00e7\u00e3o do concurso sobre sua morte.<\/p>\n<p>O vel\u00f3rio de Raquel est\u00e1 sendo realizado na Capela 4 do cemit\u00e9rio Parque da Paz, em S\u00e3o Gon\u00e7alo, desde a manh\u00e3 desta ter\u00e7a, 12. O enterro est\u00e1 marcado para as 16h.<\/p>\n<p>Segundo o organizador do Musa do Brasil, Raquel estava com viagem marcada para S\u00e3o Paulo na semana que vem, onde iria cumprir compromissos profissionais.<\/p>\n<p>&nbsp;<\/p>\n<p>&nbsp;<\/p>\n<p>&nbsp;<\/p>\n<div class=\"foto componente_materia midia-largura-620\">\n<figure style=\"width: 620px\" class=\"wp-caption alignnone\"><img loading=\"lazy\" decoding=\"async\" title=\"Raquel Santos (Foto: Marcos Mello\/ Divulga\u00e7\u00e3o)\" src=\"http:\/\/s2.glbimg.com\/SPZTxkOY2Gd-erTYDazDB3PyyOA=\/620x0\/top\/s.glbimg.com\/jo\/eg\/f\/original\/2016\/01\/12\/raquel_santos.jpg\" alt=\"Raquel Santos (Foto: Marcos Mello\/ Divulga\u00e7\u00e3o)\" width=\"620\" height=\"620\" \/><figcaption class=\"wp-caption-text\">Raquel Santos (Foto: Marcos Mello\/ Divulga\u00e7\u00e3o)<\/figcaption><\/figure>\n<\/div>\n<p>&nbsp;<\/p>\n<p>&nbsp;<\/p>\n<p>Fonte: EGO<\/p>\n","protected":false},"excerpt":{"rendered":"<p>Raquel Santos, uma das finalistas do concurso Musa do Brasil, morreu ap\u00f3s se submeter a uma lipoaspira\u00e7\u00e3o, no fim da tarde desta segunda-feira, 11. A jovem de 28 anos, que \u00e9 de Niter\u00f3i, no Rio, mas representava Mato Grosso no Musa do Brasil, era casada e tinha dois filhos &#8211; de 13 e 7 anos. [&hellip;]<\/p>\n","protected":false},"author":4,"featured_media":18499,"comment_status":"closed","ping_status":"closed","sticky":false,"template":"","format":"standard","meta":{"footnotes":""},"categories":[31],"tags":[],"class_list":["post-18498","post","type-post","status-publish","format-standard","has-post-thumbnail","hentry","category-geral"],"_links":{"self":[{"href":"https:\/\/www.ocorreionews.com.br\/acervo-correio\/index.php?rest_route=\/wp\/v2\/posts\/18498","targetHints":{"allow":["GET"]}}],"collection":[{"href":"https:\/\/www.ocorreionews.com.br\/acervo-correio\/index.php?rest_route=\/wp\/v2\/posts"}],"about":[{"href":"https:\/\/www.ocorreionews.com.br\/acervo-correio\/index.php?rest_route=\/wp\/v2\/types\/post"}],"author":[{"embeddable":true,"href":"https:\/\/www.ocorreionews.com.br\/acervo-correio\/index.php?rest_route=\/wp\/v2\/users\/4"}],"replies":[{"embeddable":true,"href":"https:\/\/www.ocorreionews.com.br\/acervo-correio\/index.php?rest_route=%2Fwp%2Fv2%2Fcomments&post=18498"}],"version-history":[{"count":0,"href":"https:\/\/www.ocorreionews.com.br\/acervo-correio\/index.php?rest_route=\/wp\/v2\/posts\/18498\/revisions"}],"wp:featuredmedia":[{"embeddable":true,"href":"https:\/\/www.ocorreionews.com.br\/acervo-correio\/index.php?rest_route=\/wp\/v2\/media\/18499"}],"wp:attachment":[{"href":"https:\/\/www.ocorreionews.com.br\/acervo-correio\/index.php?rest_route=%2Fwp%2Fv2%2Fmedia&parent=18498"}],"wp:term":[{"taxonomy":"category","embeddable":true,"href":"https:\/\/www.ocorreionews.com.br\/acervo-correio\/index.php?rest_route=%2Fwp%2Fv2%2Fcategories&post=18498"},{"taxonomy":"post_tag","embeddable":true,"href":"https:\/\/www.ocorreionews.com.br\/acervo-correio\/index.php?rest_route=%2Fwp%2Fv2%2Ftags&post=18498"}],"curies":[{"name":"wp","href":"https:\/\/api.w.org\/{rel}","templated":true}]}}