{"id":185051,"date":"2021-09-09T07:57:02","date_gmt":"2021-09-09T11:57:02","guid":{"rendered":"https:\/\/www.ocorreionews.com.br\/acervo-correio\/?p=185051"},"modified":"2021-09-09T07:57:02","modified_gmt":"2021-09-09T11:57:02","slug":"bolsonaro-pede-recuo-dos-caminhoneiros-mas-paralisacao-da-categoria-continua-em-todo-o-brasil","status":"publish","type":"post","link":"https:\/\/www.ocorreionews.com.br\/acervo-correio\/?p=185051","title":{"rendered":"Bolsonaro pede recuo dos caminhoneiros, mas paralisa\u00e7\u00e3o da categoria continua em todo o Brasil"},"content":{"rendered":"<p>O \u00e1udio do presidente Jair Bolsonaro pedindo o fim da paralisa\u00e7\u00e3o \u00e9 destaque em todos os grandes jornais do Brasil na manh\u00e3 de hoje. Segundo o Minist\u00e9rio da Infraestrutura, foram registrados pontos de concentra\u00e7\u00e3o em rodovias federais em 15 estados. O presidente enviou mensagem pedindo a libera\u00e7\u00e3o das estradas. A greve \u00a0que come\u00e7ou na quarta-feira (8) segue nesta quinta-feira (9) em pelo menos 15 estados, mesmo ap\u00f3s apelo do chefe da na\u00e7\u00e3o para que a categoria liberasse as rodovias.<\/p>\n<p>Bolsonaro gravou um \u00e1udio e o ministro de Infraestrutura, Tarc\u00edsio de Freitas, um v\u00eddeo para tentar desmobilizar os manifestantes. Na mensagem, o presidente chama os caminhoneiros de \u201caliados\u201d e diz que a greve \u201catrapalha nossa economia\u201d.<\/p>\n<p><strong>PRESIDENTE BOLSONARO<\/strong> \u2013 \u201cFala para os caminhoneiros a\u00ed que s\u00e3o nossos aliados, mas esses bloqueios atrapalham nossa economia. Isso provoca desabastecimento, infla\u00e7\u00e3o, prejudica todo mundo, em especial os mais pobres. D\u00e1 um toque nos caras a\u00ed para liberar. Deixa com a gente em Bras\u00edlia aqui agora. N\u00e3o \u00e9 f\u00e1cil negociar com outras autoridades, mas vamos fazer nossa parte, vamos buscar uma solu\u00e7\u00e3o para isso\u201d, disse Bolsonaro em \u00e1udio.<\/p>\n<p>Ontem a noite, o ministro da Infraestrutura, Tarc\u00edsio de Freitas, confirmou o \u00e1udio de Bolsonaro e refor\u00e7ou o apelo do presidente para que os caminhoneiros suspendam o protesto.<\/p>\n<p class=\"has-text-align-center\"><strong>Veja o v\u00eddeo:<\/strong><\/p>\n<figure class=\"wp-block-embed is-type-video is-provider-youtube wp-block-embed-youtube wp-embed-aspect-16-9 wp-has-aspect-ratio\">\n<div class=\"wp-block-embed__wrapper\"><iframe loading=\"lazy\" title=\"Ministro da Infraestrutura pede o fim da greve dos Caminhoneiros. 08\/9\/2021\" src=\"https:\/\/www.youtube.com\/embed\/iKYin-3jdmI?feature=oembed\" width=\"800\" height=\"450\" frameborder=\"0\" allowfullscreen=\"allowfullscreen\" data-mce-fragment=\"1\"><\/iframe><\/div>\n<\/figure>\n<p>Os bloqueios ocorreram um dia ap\u00f3s os discursos do presidente Jair Bolsonaro em manifesta\u00e7\u00f5es em Bras\u00edlia e S\u00e3o Paulo, nos quais criticou o Supremo Tribunal Federal (STF) e voltou a defender o voto impresso.<\/p>\n<p>\u00c0 00h30 desta quinta-feira, o Minist\u00e9rio da Infraestrutura, com base em informa\u00e7\u00f5es da Pol\u00edcia Rodovi\u00e1ria Federal, divulgou que eram registrados pontos de concentra\u00e7\u00e3o em rodovias federais em 15 estados.<\/p>\n<p>\u201cTodos os pontos de bloqueio registrados no Rio Grande do Sul e em S\u00e3o Paulo foram liberados. H\u00e1 duas ocorr\u00eancias de interdi\u00e7\u00e3o em Minas Gerais e a Pol\u00edcia Rodovi\u00e1ria Federal j\u00e1 est\u00e1 no local\u201d, informou o Minist\u00e9rio da Infraestrutura.<\/p>\n<p>Os estados com pontos de concentra\u00e7\u00e3o s\u00e3o: Santa Catarina, Rio Grande do Sul, Paran\u00e1, Esp\u00edrito Santo, Mato Grosso, Mato Grosso do Sul, Goi\u00e1s, Bahia, Minas Gerais, Tocantins, Rio de Janeiro, Rond\u00f4nia, Maranh\u00e3o, Roraima, S\u00e3o Paulo e Par\u00e1<\/p>\n","protected":false},"excerpt":{"rendered":"<p>O \u00e1udio do presidente Jair Bolsonaro pedindo o fim da paralisa\u00e7\u00e3o \u00e9 destaque em todos os grandes jornais do Brasil na manh\u00e3 de hoje. Segundo o Minist\u00e9rio da Infraestrutura, foram registrados pontos de concentra\u00e7\u00e3o em rodovias federais em 15 estados. O presidente enviou mensagem pedindo a libera\u00e7\u00e3o das estradas. A greve \u00a0que come\u00e7ou na quarta-feira [&hellip;]<\/p>\n","protected":false},"author":4,"featured_media":185052,"comment_status":"closed","ping_status":"closed","sticky":false,"template":"","format":"standard","meta":{"footnotes":""},"categories":[37],"tags":[],"class_list":["post-185051","post","type-post","status-publish","format-standard","has-post-thumbnail","hentry","category-politica"],"_links":{"self":[{"href":"https:\/\/www.ocorreionews.com.br\/acervo-correio\/index.php?rest_route=\/wp\/v2\/posts\/185051","targetHints":{"allow":["GET"]}}],"collection":[{"href":"https:\/\/www.ocorreionews.com.br\/acervo-correio\/index.php?rest_route=\/wp\/v2\/posts"}],"about":[{"href":"https:\/\/www.ocorreionews.com.br\/acervo-correio\/index.php?rest_route=\/wp\/v2\/types\/post"}],"author":[{"embeddable":true,"href":"https:\/\/www.ocorreionews.com.br\/acervo-correio\/index.php?rest_route=\/wp\/v2\/users\/4"}],"replies":[{"embeddable":true,"href":"https:\/\/www.ocorreionews.com.br\/acervo-correio\/index.php?rest_route=%2Fwp%2Fv2%2Fcomments&post=185051"}],"version-history":[{"count":1,"href":"https:\/\/www.ocorreionews.com.br\/acervo-correio\/index.php?rest_route=\/wp\/v2\/posts\/185051\/revisions"}],"predecessor-version":[{"id":185053,"href":"https:\/\/www.ocorreionews.com.br\/acervo-correio\/index.php?rest_route=\/wp\/v2\/posts\/185051\/revisions\/185053"}],"wp:featuredmedia":[{"embeddable":true,"href":"https:\/\/www.ocorreionews.com.br\/acervo-correio\/index.php?rest_route=\/wp\/v2\/media\/185052"}],"wp:attachment":[{"href":"https:\/\/www.ocorreionews.com.br\/acervo-correio\/index.php?rest_route=%2Fwp%2Fv2%2Fmedia&parent=185051"}],"wp:term":[{"taxonomy":"category","embeddable":true,"href":"https:\/\/www.ocorreionews.com.br\/acervo-correio\/index.php?rest_route=%2Fwp%2Fv2%2Fcategories&post=185051"},{"taxonomy":"post_tag","embeddable":true,"href":"https:\/\/www.ocorreionews.com.br\/acervo-correio\/index.php?rest_route=%2Fwp%2Fv2%2Ftags&post=185051"}],"curies":[{"name":"wp","href":"https:\/\/api.w.org\/{rel}","templated":true}]}}