{"id":185243,"date":"2021-09-10T17:45:39","date_gmt":"2021-09-10T21:45:39","guid":{"rendered":"https:\/\/www.ocorreionews.com.br\/acervo-correio\/?p=185243"},"modified":"2021-09-10T17:45:39","modified_gmt":"2021-09-10T21:45:39","slug":"policia-civil-prende-autor-do-homicidio-contra-cigano","status":"publish","type":"post","link":"https:\/\/www.ocorreionews.com.br\/acervo-correio\/?p=185243","title":{"rendered":"Policia Civil prende autor do homic\u00eddio contra Cigano"},"content":{"rendered":"<p>Na manh\u00e3 desta sexta-feira, dia 10\/09\/2021, foi deflagrada opera\u00e7\u00e3o policial conjunta das Delegacias de Pol\u00edcia de Cassil\u00e2ndia e Chapad\u00e3o do Sul para o cumprimento de mandados de busca e apreens\u00e3o e pris\u00e3o.<\/p>\n<p>O complexo servi\u00e7o de investiga\u00e7\u00e3o foi conduzido pela Delegacia de Pol\u00edcia de Cassil\u00e2ndia, que apontou a autoria de homic\u00eddio ocorrido naquela cidade na madrugada do dia 22\/08\/2021, tendo a Autoridade Policial representado pela pris\u00e3o do homem identificado como sendo autor dos disparos.<\/p>\n<p>O paradeiro do suspeito, por sua vez, foi descoberto pelos investigadores do SIG de Chapad\u00e3o do Sul nesta cidade, tendo sido informado ao Delegado de Pol\u00edcia Civil de Cassil\u00e2ndia para representa\u00e7\u00e3o por medida de busca e apreens\u00e3o, a qual tamb\u00e9m foi concedida.<\/p>\n<p>De posse dos mandados judiciais de Pris\u00e3o e Busca e Apreens\u00e3o, uma for\u00e7a tarefa composta por investigadores das duas unidades deflagrou a opera\u00e7\u00e3o no dia de hoje para pris\u00e3o do suspeito. Na resid\u00eancia onde o suspeito foi preso tamb\u00e9m foi encontrada uma arma de fogo ilegal do tipo REV\u00d3LVER calibre 38 al\u00e9m de muni\u00e7\u00f5es, tanto de 38 quanto de 9mm.<\/p>\n<p><a href=\"https:\/\/www.ocorreionews.com.br\/acervo-correio\/wp-content\/uploads\/2021\/09\/arma-cigano.jpg\"><img loading=\"lazy\" decoding=\"async\" class=\"alignnone size-full wp-image-185244\" src=\"https:\/\/www.ocorreionews.com.br\/acervo-correio\/wp-content\/uploads\/2021\/09\/arma-cigano.jpg\" alt=\"\" width=\"1278\" height=\"1600\" srcset=\"https:\/\/www.ocorreionews.com.br\/acervo-correio\/wp-content\/uploads\/2021\/09\/arma-cigano.jpg 1278w, https:\/\/www.ocorreionews.com.br\/acervo-correio\/wp-content\/uploads\/2021\/09\/arma-cigano-240x300.jpg 240w, https:\/\/www.ocorreionews.com.br\/acervo-correio\/wp-content\/uploads\/2021\/09\/arma-cigano-818x1024.jpg 818w, https:\/\/www.ocorreionews.com.br\/acervo-correio\/wp-content\/uploads\/2021\/09\/arma-cigano-768x962.jpg 768w, https:\/\/www.ocorreionews.com.br\/acervo-correio\/wp-content\/uploads\/2021\/09\/arma-cigano-1227x1536.jpg 1227w\" sizes=\"auto, (max-width: 1278px) 100vw, 1278px\" \/><\/a><\/p>\n<p>A posse da arma e muni\u00e7\u00f5es foi declarada por outro morador da casa, o qual foi preso em flagrante e encaminhado para a Delegacia de Pol\u00edcia de Chapad\u00e3o do Sul para formaliza\u00e7\u00e3o do procedimento de pris\u00e3o. J\u00e1 suspeito do cometimento do assassinato, preso por for\u00e7a de mandado de pris\u00e3o, foi imediatamente encaminhado para a Delegacia de Pol\u00edcia de Cassil\u00e2ndia para continuidade das investiga\u00e7\u00f5es.<\/p>\n","protected":false},"excerpt":{"rendered":"<p>Na manh\u00e3 desta sexta-feira, dia 10\/09\/2021, foi deflagrada opera\u00e7\u00e3o policial conjunta das Delegacias de Pol\u00edcia de Cassil\u00e2ndia e Chapad\u00e3o do Sul para o cumprimento de mandados de busca e apreens\u00e3o e pris\u00e3o. O complexo servi\u00e7o de investiga\u00e7\u00e3o foi conduzido pela Delegacia de Pol\u00edcia de Cassil\u00e2ndia, que apontou a autoria de homic\u00eddio ocorrido naquela cidade na [&hellip;]<\/p>\n","protected":false},"author":4,"featured_media":185244,"comment_status":"closed","ping_status":"closed","sticky":false,"template":"","format":"standard","meta":{"footnotes":""},"categories":[38],"tags":[],"class_list":["post-185243","post","type-post","status-publish","format-standard","has-post-thumbnail","hentry","category-policia"],"_links":{"self":[{"href":"https:\/\/www.ocorreionews.com.br\/acervo-correio\/index.php?rest_route=\/wp\/v2\/posts\/185243","targetHints":{"allow":["GET"]}}],"collection":[{"href":"https:\/\/www.ocorreionews.com.br\/acervo-correio\/index.php?rest_route=\/wp\/v2\/posts"}],"about":[{"href":"https:\/\/www.ocorreionews.com.br\/acervo-correio\/index.php?rest_route=\/wp\/v2\/types\/post"}],"author":[{"embeddable":true,"href":"https:\/\/www.ocorreionews.com.br\/acervo-correio\/index.php?rest_route=\/wp\/v2\/users\/4"}],"replies":[{"embeddable":true,"href":"https:\/\/www.ocorreionews.com.br\/acervo-correio\/index.php?rest_route=%2Fwp%2Fv2%2Fcomments&post=185243"}],"version-history":[{"count":1,"href":"https:\/\/www.ocorreionews.com.br\/acervo-correio\/index.php?rest_route=\/wp\/v2\/posts\/185243\/revisions"}],"predecessor-version":[{"id":185245,"href":"https:\/\/www.ocorreionews.com.br\/acervo-correio\/index.php?rest_route=\/wp\/v2\/posts\/185243\/revisions\/185245"}],"wp:featuredmedia":[{"embeddable":true,"href":"https:\/\/www.ocorreionews.com.br\/acervo-correio\/index.php?rest_route=\/wp\/v2\/media\/185244"}],"wp:attachment":[{"href":"https:\/\/www.ocorreionews.com.br\/acervo-correio\/index.php?rest_route=%2Fwp%2Fv2%2Fmedia&parent=185243"}],"wp:term":[{"taxonomy":"category","embeddable":true,"href":"https:\/\/www.ocorreionews.com.br\/acervo-correio\/index.php?rest_route=%2Fwp%2Fv2%2Fcategories&post=185243"},{"taxonomy":"post_tag","embeddable":true,"href":"https:\/\/www.ocorreionews.com.br\/acervo-correio\/index.php?rest_route=%2Fwp%2Fv2%2Ftags&post=185243"}],"curies":[{"name":"wp","href":"https:\/\/api.w.org\/{rel}","templated":true}]}}